{"id":112,"date":"2019-04-24T10:42:05","date_gmt":"2019-04-24T13:42:05","guid":{"rendered":"https:\/\/propesp.uepa.br\/ppgell\/?p=112"},"modified":"2022-06-03T08:34:21","modified_gmt":"2022-06-03T11:34:21","slug":"revista-ribanceira","status":"publish","type":"post","link":"https:\/\/propesp.uepa.br\/ppgell\/revista-ribanceira\/","title":{"rendered":"REVISTA RIBANCEIRA"},"content":{"rendered":"\n<p>Ribanceira,\nrevista eletr\u00f4nica da \u00e1rea de L\u00edngua e Literatura, \u00e9 uma publica\u00e7\u00e3o &#8220;de\nacesso aberto e gratuito&#8221; do Curso de Letras da Universidade do Estado do\nPar\u00e1. O peri\u00f3dico tem o objetivo de fomentar a divulga\u00e7\u00e3o do conhecimento\ncient\u00edfico, bem como contribuir para a promo\u00e7\u00e3o e o fortalecimento da pesquisa na \u00e1rea dos\nestudos lingu\u00edsticos e liter\u00e1rios, com a\u00e7\u00f5es na difus\u00e3o dos resultados das\npesquisas e na troca de experi\u00eancias entre grupos de estudos, programas de p\u00f3s\ngradua\u00e7\u00e3o e outras formas de comunidades cient\u00edficas ligadas aos campos das\npesquisas nas \u00e1reas e sub\u00e1reas das Letras\/Lingu\u00edstica.<\/p>\n\n\n\n<p>Criada em 2013 com periodicidade semestral, a partir de\n2017 passou a ser trimestral, reunindo artigos cient\u00edficos, resenhas cr\u00edticas e\ntradu\u00e7\u00f5es de pesquisadores, professores e alunos da p\u00f3s-gradua\u00e7\u00e3o vinculados a\ninstitui\u00e7\u00f5es de ensino superior em \u00e2mbito nacional e internacional.<\/p>\n\n\n\n<p><a href=\"https:\/\/propesp.uepa.br\/ppgell\/wp-content\/uploads\/2019\/04\/REVISTA-RIBANCEIRA.docx\">Click aqui para realizar o download do arquivo!<\/a><\/p>\n","protected":false},"excerpt":{"rendered":"<p>Ribanceira, revista eletr\u00f4nica da \u00e1rea de L\u00edngua e Literatura, \u00e9 uma publica\u00e7\u00e3o &#8220;de acesso aberto e gratuito&#8221; do Curso de Letras da Universidade do Estado do Par\u00e1. O peri\u00f3dico tem o objetivo de fomentar a divulga\u00e7\u00e3o do conhecimento cient\u00edfico, bem como contribuir para a promo\u00e7\u00e3o e o fortalecimento da pesquisa na \u00e1rea dos estudos lingu\u00edsticos &hellip;<\/p>\n<p class=\"read-more\"> <a class=\"\" href=\"https:\/\/propesp.uepa.br\/ppgell\/revista-ribanceira\/\"> <span class=\"screen-reader-text\">REVISTA RIBANCEIRA<\/span> Leia mais &raquo;<\/a><\/p>\n","protected":false},"author":1,"featured_media":0,"comment_status":"closed","ping_status":"open","sticky":false,"template":"","format":"standard","meta":{"_uag_custom_page_level_css":"","site-sidebar-layout":"default","site-content-layout":"","ast-site-content-layout":"","site-content-style":"default","site-sidebar-style":"default","ast-global-header-display":"","ast-banner-title-visibility":"","ast-main-header-display":"","ast-hfb-above-header-display":"","ast-hfb-below-header-display":"","ast-hfb-mobile-header-display":"","site-post-title":"","ast-breadcrumbs-content":"","ast-featured-img":"","footer-sml-layout":"","theme-transparent-header-meta":"","adv-header-id-meta":null,"stick-header-meta":null,"header-above-stick-meta":null,"header-main-stick-meta":null,"header-below-stick-meta":null,"astra-migrate-meta-layouts":"","ast-page-background-enabled":"default","ast-page-background-meta":{"desktop":{"background-color":"var(--ast-global-color-4)","background-image":"","background-repeat":"repeat","background-position":"center center","background-size":"auto","background-attachment":"scroll","background-type":"","background-media":"","overlay-type":"","overlay-color":"","overlay-gradient":""},"tablet":{"background-color":"","background-image":"","background-repeat":"repeat","background-position":"center center","background-size":"auto","background-attachment":"scroll","background-type":"","background-media":"","overlay-type":"","overlay-color":"","overlay-gradient":""},"mobile":{"background-color":"","background-image":"","background-repeat":"repeat","background-position":"center center","background-size":"auto","background-attachment":"scroll","background-type":"","background-media":"","overlay-type":"","overlay-color":"","overlay-gradient":""}},"ast-content-background-meta":{"desktop":{"background-color":"var(--ast-global-color-5)","background-image":"","background-repeat":"repeat","background-position":"center center","background-size":"auto","background-attachment":"scroll","background-type":"","background-media":"","overlay-type":"","overlay-color":"","overlay-gradient":""},"tablet":{"background-color":"var(--ast-global-color-5)","background-image":"","background-repeat":"repeat","background-position":"center center","background-size":"auto","background-attachment":"scroll","background-type":"","background-media":"","overlay-type":"","overlay-color":"","overlay-gradient":""},"mobile":{"background-color":"var(--ast-global-color-5)","background-image":"","background-repeat":"repeat","background-position":"center center","background-size":"auto","background-attachment":"scroll","background-type":"","background-media":"","overlay-type":"","overlay-color":"","overlay-gradient":""}},"footnotes":""},"categories":[7],"tags":[],"class_list":["post-112","post","type-post","status-publish","format-standard","hentry","category-revistas"],"uagb_featured_image_src":{"full":false,"thumbnail":false,"medium":false,"medium_large":false,"large":false,"1536x1536":false,"2048x2048":false},"uagb_author_info":{"display_name":"admin@uepa.br","author_link":"https:\/\/propesp.uepa.br\/ppgell\/author\/adminuepa-br\/"},"uagb_comment_info":0,"uagb_excerpt":"Ribanceira, revista eletr\u00f4nica da \u00e1rea de L\u00edngua e Literatura, \u00e9 uma publica\u00e7\u00e3o &#8220;de acesso aberto e gratuito&#8221; do Curso de Letras da Universidade do Estado do Par\u00e1. O peri\u00f3dico tem o objetivo de fomentar a divulga\u00e7\u00e3o do conhecimento cient\u00edfico, bem como contribuir para a promo\u00e7\u00e3o e o fortalecimento da pesquisa na \u00e1rea dos estudos lingu\u00edsticos&hellip;","_links":{"self":[{"href":"https:\/\/propesp.uepa.br\/ppgell\/wp-json\/wp\/v2\/posts\/112"}],"collection":[{"href":"https:\/\/propesp.uepa.br\/ppgell\/wp-json\/wp\/v2\/posts"}],"about":[{"href":"https:\/\/propesp.uepa.br\/ppgell\/wp-json\/wp\/v2\/types\/post"}],"author":[{"embeddable":true,"href":"https:\/\/propesp.uepa.br\/ppgell\/wp-json\/wp\/v2\/users\/1"}],"replies":[{"embeddable":true,"href":"https:\/\/propesp.uepa.br\/ppgell\/wp-json\/wp\/v2\/comments?post=112"}],"version-history":[{"count":2,"href":"https:\/\/propesp.uepa.br\/ppgell\/wp-json\/wp\/v2\/posts\/112\/revisions"}],"predecessor-version":[{"id":118,"href":"https:\/\/propesp.uepa.br\/ppgell\/wp-json\/wp\/v2\/posts\/112\/revisions\/118"}],"wp:attachment":[{"href":"https:\/\/propesp.uepa.br\/ppgell\/wp-json\/wp\/v2\/media?parent=112"}],"wp:term":[{"taxonomy":"category","embeddable":true,"href":"https:\/\/propesp.uepa.br\/ppgell\/wp-json\/wp\/v2\/categories?post=112"},{"taxonomy":"post_tag","embeddable":true,"href":"https:\/\/propesp.uepa.br\/ppgell\/wp-json\/wp\/v2\/tags?post=112"}],"curies":[{"name":"wp","href":"https:\/\/api.w.org\/{rel}","templated":true}]}}