{"id":248,"date":"2020-11-18T19:57:44","date_gmt":"2020-11-18T22:57:44","guid":{"rendered":"https:\/\/propesp.uepa.br\/ppgell\/?p=248"},"modified":"2022-06-03T08:34:05","modified_gmt":"2022-06-03T11:34:05","slug":"publicacao-do-edital-turma-2020-ppgell","status":"publish","type":"post","link":"https:\/\/propesp.uepa.br\/ppgell\/publicacao-do-edital-turma-2020-ppgell\/","title":{"rendered":"Publica\u00e7\u00e3o do edital &#8211; Turma 2020\/PPGELL"},"content":{"rendered":"\n<p>A Coordena\u00e7\u00e3o do  Programa de P\u00f3s-gradua\u00e7\u00e3o em Ensino de L\u00edngua Portuguesa e suas respectivas Literaturas (PPGELL\/UEPA)  tem a grata satisfa\u00e7\u00e3o de informar que o edital do processo seletivo para a turma\/2020 <strong>ser\u00e1 lan\u00e7ado na p\u00e1gina da  UEPA na pr\u00f3xima sexta-feira (20\/11\/2020).<\/strong><\/p>\n\n\n\n<p><strong>Informamos ainda que o per\u00edodo de inscri\u00e7\u00e3o ser\u00e1 de 20\/11\/2020 at\u00e9 30\/11\/2020.<\/strong><\/p>\n","protected":false},"excerpt":{"rendered":"<p>Temos a grata satisfa\u00e7\u00e3o de informar que o edital do processo seletivo para o Programa de P\u00f3s-gradua\u00e7\u00e3o em Ensino de L\u00edngua Portuguesa e suas respectivas Literaturas (Mestrado Profissional) ser\u00e1 lan\u00e7ado na p\u00e1gina da  UEPA na pr\u00f3xima sexta-feira (20\/11\/2020).<\/p>\n<p>Informamos ainda que o per\u00edodo de inscri\u00e7\u00e3o ser\u00e1 de 20\/11\/2020 at\u00e9 30\/11\/2020.<\/p>\n","protected":false},"author":2,"featured_media":249,"comment_status":"closed","ping_status":"open","sticky":true,"template":"","format":"standard","meta":{"_uag_custom_page_level_css":"","site-sidebar-layout":"default","site-content-layout":"","ast-site-content-layout":"","site-content-style":"default","site-sidebar-style":"default","ast-global-header-display":"","ast-banner-title-visibility":"","ast-main-header-display":"","ast-hfb-above-header-display":"","ast-hfb-below-header-display":"","ast-hfb-mobile-header-display":"","site-post-title":"","ast-breadcrumbs-content":"","ast-featured-img":"","footer-sml-layout":"","theme-transparent-header-meta":"","adv-header-id-meta":null,"stick-header-meta":null,"header-above-stick-meta":null,"header-main-stick-meta":null,"header-below-stick-meta":null,"astra-migrate-meta-layouts":"","ast-page-background-enabled":"default","ast-page-background-meta":{"desktop":{"background-color":"var(--ast-global-color-4)","background-image":"","background-repeat":"repeat","background-position":"center center","background-size":"auto","background-attachment":"scroll","background-type":"","background-media":"","overlay-type":"","overlay-color":"","overlay-gradient":""},"tablet":{"background-color":"","background-image":"","background-repeat":"repeat","background-position":"center center","background-size":"auto","background-attachment":"scroll","background-type":"","background-media":"","overlay-type":"","overlay-color":"","overlay-gradient":""},"mobile":{"background-color":"","background-image":"","background-repeat":"repeat","background-position":"center center","background-size":"auto","background-attachment":"scroll","background-type":"","background-media":"","overlay-type":"","overlay-color":"","overlay-gradient":""}},"ast-content-background-meta":{"desktop":{"background-color":"var(--ast-global-color-5)","background-image":"","background-repeat":"repeat","background-position":"center center","background-size":"auto","background-attachment":"scroll","background-type":"","background-media":"","overlay-type":"","overlay-color":"","overlay-gradient":""},"tablet":{"background-color":"var(--ast-global-color-5)","background-image":"","background-repeat":"repeat","background-position":"center center","background-size":"auto","background-attachment":"scroll","background-type":"","background-media":"","overlay-type":"","overlay-color":"","overlay-gradient":""},"mobile":{"background-color":"var(--ast-global-color-5)","background-image":"","background-repeat":"repeat","background-position":"center center","background-size":"auto","background-attachment":"scroll","background-type":"","background-media":"","overlay-type":"","overlay-color":"","overlay-gradient":""}},"footnotes":""},"categories":[1],"tags":[],"class_list":["post-248","post","type-post","status-publish","format-standard","has-post-thumbnail","hentry","category-destaques"],"uagb_featured_image_src":{"full":["https:\/\/propesp.uepa.br\/ppgell\/wp-content\/uploads\/2020\/11\/photo_2020-11-18_19-10-15.jpg",1022,641,false],"thumbnail":["https:\/\/propesp.uepa.br\/ppgell\/wp-content\/uploads\/2020\/11\/photo_2020-11-18_19-10-15-150x150.jpg",150,150,true],"medium":["https:\/\/propesp.uepa.br\/ppgell\/wp-content\/uploads\/2020\/11\/photo_2020-11-18_19-10-15-300x188.jpg",300,188,true],"medium_large":["https:\/\/propesp.uepa.br\/ppgell\/wp-content\/uploads\/2020\/11\/photo_2020-11-18_19-10-15-768x482.jpg",768,482,true],"large":["https:\/\/propesp.uepa.br\/ppgell\/wp-content\/uploads\/2020\/11\/photo_2020-11-18_19-10-15.jpg",1022,641,false],"1536x1536":["https:\/\/propesp.uepa.br\/ppgell\/wp-content\/uploads\/2020\/11\/photo_2020-11-18_19-10-15.jpg",1022,641,false],"2048x2048":["https:\/\/propesp.uepa.br\/ppgell\/wp-content\/uploads\/2020\/11\/photo_2020-11-18_19-10-15.jpg",1022,641,false]},"uagb_author_info":{"display_name":"jamily@uepa.br","author_link":"https:\/\/propesp.uepa.br\/ppgell\/author\/jamilyuepa-br\/"},"uagb_comment_info":0,"uagb_excerpt":"Temos a grata satisfa\u00e7\u00e3o de informar que o edital do processo seletivo para o Programa de P\u00f3s-gradua\u00e7\u00e3o em Ensino de L\u00edngua Portuguesa e suas respectivas Literaturas (Mestrado Profissional) ser\u00e1 lan\u00e7ado na p\u00e1gina da UEPA na pr\u00f3xima sexta-feira (20\/11\/2020). Informamos ainda que o per\u00edodo de inscri\u00e7\u00e3o ser\u00e1 de 20\/11\/2020 at\u00e9 30\/11\/2020.","_links":{"self":[{"href":"https:\/\/propesp.uepa.br\/ppgell\/wp-json\/wp\/v2\/posts\/248"}],"collection":[{"href":"https:\/\/propesp.uepa.br\/ppgell\/wp-json\/wp\/v2\/posts"}],"about":[{"href":"https:\/\/propesp.uepa.br\/ppgell\/wp-json\/wp\/v2\/types\/post"}],"author":[{"embeddable":true,"href":"https:\/\/propesp.uepa.br\/ppgell\/wp-json\/wp\/v2\/users\/2"}],"replies":[{"embeddable":true,"href":"https:\/\/propesp.uepa.br\/ppgell\/wp-json\/wp\/v2\/comments?post=248"}],"version-history":[{"count":3,"href":"https:\/\/propesp.uepa.br\/ppgell\/wp-json\/wp\/v2\/posts\/248\/revisions"}],"predecessor-version":[{"id":253,"href":"https:\/\/propesp.uepa.br\/ppgell\/wp-json\/wp\/v2\/posts\/248\/revisions\/253"}],"wp:featuredmedia":[{"embeddable":true,"href":"https:\/\/propesp.uepa.br\/ppgell\/wp-json\/wp\/v2\/media\/249"}],"wp:attachment":[{"href":"https:\/\/propesp.uepa.br\/ppgell\/wp-json\/wp\/v2\/media?parent=248"}],"wp:term":[{"taxonomy":"category","embeddable":true,"href":"https:\/\/propesp.uepa.br\/ppgell\/wp-json\/wp\/v2\/categories?post=248"},{"taxonomy":"post_tag","embeddable":true,"href":"https:\/\/propesp.uepa.br\/ppgell\/wp-json\/wp\/v2\/tags?post=248"}],"curies":[{"name":"wp","href":"https:\/\/api.w.org\/{rel}","templated":true}]}}