{"id":268,"date":"2020-11-20T14:52:04","date_gmt":"2020-11-20T17:52:04","guid":{"rendered":"https:\/\/propesp.uepa.br\/ppgell\/?p=268"},"modified":"2022-06-03T08:33:55","modified_gmt":"2022-06-03T11:33:55","slug":"edital-processo-seletivo-turma-2020-ppgell-uepa","status":"publish","type":"post","link":"https:\/\/propesp.uepa.br\/ppgell\/edital-processo-seletivo-turma-2020-ppgell-uepa\/","title":{"rendered":"Edital Processo Seletivo &#8211; Turma 2020-PPGELL\/UEPA"},"content":{"rendered":"\n<p class=\"has-background has-very-light-gray-background-color\">A Universidade do Estado do Par\u00e1 &#8211; UEPA, por meio do Centro de Ci\u00eancias Sociais e Educa\u00e7\u00e3o (CCSE) e da Coordena\u00e7\u00e3o do Programa de P\u00f3s-Gradua\u00e7\u00e3o em Ensino de L\u00edngua Portuguesa e suas respectivas literaturas (PPGELL) &#8211; Mestrado Profissional, torna p\u00fablico que no per\u00edodo de 20.11.2020 a 30.11.2020, receber\u00e1 as inscri\u00e7\u00f5es ao Processo Seletivo 2020 para o Programa de P\u00f3s-gradua\u00e7\u00e3o em Ensino de L\u00edngua Portuguesa e suas respectivas literaturas em n\u00edvel de Mestrado Profissional (ano acad\u00e9mico 2020), com ingresso no primeiro semestre de 2021. <br>Click no link abaixo para mais informa\u00e7\u00f5es.<br> <br><a href=\"https:\/\/www.uepa.br\/pt-br\/editais\/edital-45-2020\">Edital 45 -2020 | Universidade do Estado do Par\u00e1 (uepa.br)<\/a> <br><\/p>\n\n\n\n<p style=\"text-align:center\" class=\"has-background has-medium-font-size has-vivid-green-cyan-background-color\"><strong>RESULTADO DOS PEDIDOS DE ISEN\u00c7\u00c3O<br>EDITAL N\u00ba 045\/2020 \u2013 UEPA<\/strong><\/p>\n\n\n\n<div class=\"wp-block-file\"><a href=\"https:\/\/propesp.uepa.br\/ppgell\/wp-content\/uploads\/2020\/11\/RESULTADO-PEDIDOS-DE-ISEN\u00c7\u00c3O-EDITAL-45-2020-PPGELL.pdf\">RESULTADO PEDIDOS DE ISEN\u00c7\u00c3O &#8211; EDITAL 45-2020 PPGELL<\/a><a href=\"https:\/\/propesp.uepa.br\/ppgell\/wp-content\/uploads\/2020\/11\/RESULTADO-PEDIDOS-DE-ISEN\u00c7\u00c3O-EDITAL-45-2020-PPGELL.pdf\" class=\"wp-block-file__button\" download>Baixar<\/a><\/div>\n\n\n\n<p style=\"text-align:center\" class=\"has-background has-medium-font-size has-vivid-green-cyan-background-color\"><strong>RESULTADO DAS INCRI\u00c7\u00d5ES HOMOLOGADAS<br>EDITAL N\u00ba 045\/2020 &#8211; UEPA<\/strong><\/p>\n\n\n\n<div class=\"wp-block-file\"><a href=\"https:\/\/propesp.uepa.br\/ppgell\/wp-content\/uploads\/2020\/12\/edital452020_resultados_das_inscricoes_homologadas.pdf.pdf\">edital452020_resultados_das_inscricoes_homologadas.pdf<\/a><a href=\"https:\/\/propesp.uepa.br\/ppgell\/wp-content\/uploads\/2020\/12\/edital452020_resultados_das_inscricoes_homologadas.pdf.pdf\" class=\"wp-block-file__button\" download>Baixar<\/a><\/div>\n\n\n\n<p style=\"text-align:center\" class=\"has-background has-medium-font-size has-vivid-cyan-blue-background-color\"><strong>DIVULGA\u00c7\u00c3O DAS DATAS E LOCAIS DAS ENTREVISTAS<br>EDITAL N\u00ba 045\/2020 &#8211; UEPA<\/strong><\/p>\n\n\n\n<div class=\"wp-block-file\"><a href=\"https:\/\/propesp.uepa.br\/ppgell\/wp-content\/uploads\/2020\/12\/Divulga\u00e7\u00e3o-das-datas-e-locais-das-Entrevistas-EDITAL-45-2020-UEPA-PPGELL.pdf\">Divulga\u00e7\u00e3o das datas e locais das Entrevistas &#8211; EDITAL 45-2020 UEPA-PPGELL<\/a><a href=\"https:\/\/propesp.uepa.br\/ppgell\/wp-content\/uploads\/2020\/12\/Divulga\u00e7\u00e3o-das-datas-e-locais-das-Entrevistas-EDITAL-45-2020-UEPA-PPGELL.pdf\" class=\"wp-block-file__button\" download>Baixar<\/a><\/div>\n\n\n\n<p style=\"font-size:22px;text-align:center\" class=\"has-background has-luminous-vivid-orange-background-color\"> <br><strong>ERRATA &#8211; DIVULGA\u00c7\u00c3O DAS DATAS E LOCAIS DAS ENTREVISTAS<br>EDITAL N\u00ba 045\/2020 &#8211; UEPA<\/strong> <\/p>\n\n\n\n<div class=\"wp-block-file\"><a href=\"https:\/\/propesp.uepa.br\/ppgell\/wp-content\/uploads\/2020\/12\/edital452020_errata_dataselocais_entrevistas.pdf\">edital452020_errata_dataselocais_entrevistas<\/a><a href=\"https:\/\/propesp.uepa.br\/ppgell\/wp-content\/uploads\/2020\/12\/edital452020_errata_dataselocais_entrevistas.pdf\" class=\"wp-block-file__button\" download>Baixar<\/a><\/div>\n\n\n\n<p style=\"text-align:center\" class=\"has-background has-medium-font-size has-luminous-vivid-orange-background-color\"><strong>RESULTADO PRELIMINAR DAS ENTREVISTAS E CURR\u00cdCULO <br>EDITAL N\u00b0 045\/2020 &#8211; UEPA<\/strong><\/p>\n\n\n\n<div class=\"wp-block-file\"><a href=\"https:\/\/propesp.uepa.br\/ppgell\/wp-content\/uploads\/2020\/12\/edital452020_resultadopreliminar.pdf\">edital452020_resultadopreliminar<\/a><a href=\"https:\/\/propesp.uepa.br\/ppgell\/wp-content\/uploads\/2020\/12\/edital452020_resultadopreliminar.pdf\" class=\"wp-block-file__button\" download>Baixar<\/a><\/div>\n\n\n\n<p style=\"text-align:center\" class=\"has-background has-medium-font-size has-luminous-vivid-orange-background-color\"><strong>RESULTADO DOS RECURSOS<br>EDITAL N\u00ba 045\/2020 &#8211; UEPA<\/strong><\/p>\n\n\n\n<div class=\"wp-block-file\"><a href=\"https:\/\/propesp.uepa.br\/ppgell\/wp-content\/uploads\/2020\/12\/edital_452020_-_respostas_aos_recursos_uepa-ppgell.pdf\">edital_452020_-_respostas_aos_recursos_uepa-ppgell<\/a><a href=\"https:\/\/propesp.uepa.br\/ppgell\/wp-content\/uploads\/2020\/12\/edital_452020_-_respostas_aos_recursos_uepa-ppgell.pdf\" class=\"wp-block-file__button\" download>Baixar<\/a><\/div>\n\n\n\n<p style=\"text-align:center\" class=\"has-background has-medium-font-size has-luminous-vivid-amber-background-color\"><strong>RESULTADO FINAL<br>EDITAL N\u00ba 045\/2020 &#8211; UEPA<\/strong><\/p>\n\n\n\n<div class=\"wp-block-file\"><a href=\"https:\/\/propesp.uepa.br\/ppgell\/wp-content\/uploads\/2020\/12\/edital_452020_resultado_final_uepa-ppgell.pdf\">edital_452020_resultado_final_uepa-ppgell<\/a><a href=\"https:\/\/propesp.uepa.br\/ppgell\/wp-content\/uploads\/2020\/12\/edital_452020_resultado_final_uepa-ppgell.pdf\" class=\"wp-block-file__button\" download>Baixar<\/a><\/div>\n\n\n\n<ul class=\"wp-block-gallery columns-1 is-cropped wp-block-gallery-1 is-layout-flex wp-block-gallery-is-layout-flex\"><li class=\"blocks-gallery-item\"><figure><img loading=\"lazy\" decoding=\"async\" width=\"875\" height=\"1024\" src=\"https:\/\/propesp.uepa.br\/ppgell\/wp-content\/uploads\/2020\/11\/cronograma-edital-2020-ppgell-875x1024.jpg\" alt=\"\" data-id=\"274\" data-link=\"https:\/\/propesp.uepa.br\/ppgell\/index.php\/2020\/11\/20\/edital-processo-seletivo-turma-2020-ppgell-uepa\/cronograma-edital-2020-ppgell\/\" class=\"wp-image-274\" srcset=\"https:\/\/propesp.uepa.br\/ppgell\/wp-content\/uploads\/2020\/11\/cronograma-edital-2020-ppgell-875x1024.jpg 875w, https:\/\/propesp.uepa.br\/ppgell\/wp-content\/uploads\/2020\/11\/cronograma-edital-2020-ppgell-256x300.jpg 256w, https:\/\/propesp.uepa.br\/ppgell\/wp-content\/uploads\/2020\/11\/cronograma-edital-2020-ppgell-768x899.jpg 768w, https:\/\/propesp.uepa.br\/ppgell\/wp-content\/uploads\/2020\/11\/cronograma-edital-2020-ppgell.jpg 1094w\" sizes=\"(max-width: 875px) 100vw, 875px\" \/><\/figure><\/li><\/ul>\n","protected":false},"excerpt":{"rendered":"<p>A Universidade do Estado do Par\u00e1 &#8211; UEPA, por meio do Centro de Ci\u00eancias Sociais e Educa\u00e7\u00e3o (CCSE) e da Coordena\u00e7\u00e3o do Programa de P\u00f3s-Gradua\u00e7\u00e3o em Ensino de L\u00edngua Portuguesa e suas respectivas literaturas (PPGELL) &#8211; Mestrado Profissional, torna p\u00fablico que no per\u00edodo de 20.11.2020 a 30.11.2020, receber\u00e1 as inscri\u00e7\u00f5es ao Processo Seletivo 2020 para &hellip;<\/p>\n<p class=\"read-more\"> <a class=\"\" href=\"https:\/\/propesp.uepa.br\/ppgell\/edital-processo-seletivo-turma-2020-ppgell-uepa\/\"> <span class=\"screen-reader-text\">Edital Processo Seletivo &#8211; Turma 2020-PPGELL\/UEPA<\/span> Leia mais &raquo;<\/a><\/p>\n","protected":false},"author":2,"featured_media":269,"comment_status":"closed","ping_status":"open","sticky":true,"template":"","format":"standard","meta":{"_uag_custom_page_level_css":"","site-sidebar-layout":"default","site-content-layout":"","ast-site-content-layout":"","site-content-style":"default","site-sidebar-style":"default","ast-global-header-display":"","ast-banner-title-visibility":"","ast-main-header-display":"","ast-hfb-above-header-display":"","ast-hfb-below-header-display":"","ast-hfb-mobile-header-display":"","site-post-title":"","ast-breadcrumbs-content":"","ast-featured-img":"","footer-sml-layout":"","theme-transparent-header-meta":"","adv-header-id-meta":null,"stick-header-meta":null,"header-above-stick-meta":null,"header-main-stick-meta":null,"header-below-stick-meta":null,"astra-migrate-meta-layouts":"","ast-page-background-enabled":"default","ast-page-background-meta":{"desktop":{"background-color":"var(--ast-global-color-4)","background-image":"","background-repeat":"repeat","background-position":"center center","background-size":"auto","background-attachment":"scroll","background-type":"","background-media":"","overlay-type":"","overlay-color":"","overlay-gradient":""},"tablet":{"background-color":"","background-image":"","background-repeat":"repeat","background-position":"center center","background-size":"auto","background-attachment":"scroll","background-type":"","background-media":"","overlay-type":"","overlay-color":"","overlay-gradient":""},"mobile":{"background-color":"","background-image":"","background-repeat":"repeat","background-position":"center center","background-size":"auto","background-attachment":"scroll","background-type":"","background-media":"","overlay-type":"","overlay-color":"","overlay-gradient":""}},"ast-content-background-meta":{"desktop":{"background-color":"var(--ast-global-color-5)","background-image":"","background-repeat":"repeat","background-position":"center center","background-size":"auto","background-attachment":"scroll","background-type":"","background-media":"","overlay-type":"","overlay-color":"","overlay-gradient":""},"tablet":{"background-color":"var(--ast-global-color-5)","background-image":"","background-repeat":"repeat","background-position":"center center","background-size":"auto","background-attachment":"scroll","background-type":"","background-media":"","overlay-type":"","overlay-color":"","overlay-gradient":""},"mobile":{"background-color":"var(--ast-global-color-5)","background-image":"","background-repeat":"repeat","background-position":"center center","background-size":"auto","background-attachment":"scroll","background-type":"","background-media":"","overlay-type":"","overlay-color":"","overlay-gradient":""}},"footnotes":""},"categories":[6],"tags":[],"class_list":["post-268","post","type-post","status-publish","format-standard","has-post-thumbnail","hentry","category-editais"],"uagb_featured_image_src":{"full":["https:\/\/propesp.uepa.br\/ppgell\/wp-content\/uploads\/2020\/11\/PPGELL-site.png",2340,1654,false],"thumbnail":["https:\/\/propesp.uepa.br\/ppgell\/wp-content\/uploads\/2020\/11\/PPGELL-site-150x150.png",150,150,true],"medium":["https:\/\/propesp.uepa.br\/ppgell\/wp-content\/uploads\/2020\/11\/PPGELL-site-300x212.png",300,212,true],"medium_large":["https:\/\/propesp.uepa.br\/ppgell\/wp-content\/uploads\/2020\/11\/PPGELL-site-768x543.png",768,543,true],"large":["https:\/\/propesp.uepa.br\/ppgell\/wp-content\/uploads\/2020\/11\/PPGELL-site-1024x724.png",1024,724,true],"1536x1536":["https:\/\/propesp.uepa.br\/ppgell\/wp-content\/uploads\/2020\/11\/PPGELL-site.png",1536,1086,false],"2048x2048":["https:\/\/propesp.uepa.br\/ppgell\/wp-content\/uploads\/2020\/11\/PPGELL-site.png",2048,1448,false]},"uagb_author_info":{"display_name":"jamily@uepa.br","author_link":"https:\/\/propesp.uepa.br\/ppgell\/author\/jamilyuepa-br\/"},"uagb_comment_info":1,"uagb_excerpt":"A Universidade do Estado do Par\u00e1 &#8211; UEPA, por meio do Centro de Ci\u00eancias Sociais e Educa\u00e7\u00e3o (CCSE) e da Coordena\u00e7\u00e3o do Programa de P\u00f3s-Gradua\u00e7\u00e3o em Ensino de L\u00edngua Portuguesa e suas respectivas literaturas (PPGELL) &#8211; Mestrado Profissional, torna p\u00fablico que no per\u00edodo de 20.11.2020 a 30.11.2020, receber\u00e1 as inscri\u00e7\u00f5es ao Processo Seletivo 2020 para&hellip;","_links":{"self":[{"href":"https:\/\/propesp.uepa.br\/ppgell\/wp-json\/wp\/v2\/posts\/268"}],"collection":[{"href":"https:\/\/propesp.uepa.br\/ppgell\/wp-json\/wp\/v2\/posts"}],"about":[{"href":"https:\/\/propesp.uepa.br\/ppgell\/wp-json\/wp\/v2\/types\/post"}],"author":[{"embeddable":true,"href":"https:\/\/propesp.uepa.br\/ppgell\/wp-json\/wp\/v2\/users\/2"}],"replies":[{"embeddable":true,"href":"https:\/\/propesp.uepa.br\/ppgell\/wp-json\/wp\/v2\/comments?post=268"}],"version-history":[{"count":5,"href":"https:\/\/propesp.uepa.br\/ppgell\/wp-json\/wp\/v2\/posts\/268\/revisions"}],"predecessor-version":[{"id":341,"href":"https:\/\/propesp.uepa.br\/ppgell\/wp-json\/wp\/v2\/posts\/268\/revisions\/341"}],"wp:featuredmedia":[{"embeddable":true,"href":"https:\/\/propesp.uepa.br\/ppgell\/wp-json\/wp\/v2\/media\/269"}],"wp:attachment":[{"href":"https:\/\/propesp.uepa.br\/ppgell\/wp-json\/wp\/v2\/media?parent=268"}],"wp:term":[{"taxonomy":"category","embeddable":true,"href":"https:\/\/propesp.uepa.br\/ppgell\/wp-json\/wp\/v2\/categories?post=268"},{"taxonomy":"post_tag","embeddable":true,"href":"https:\/\/propesp.uepa.br\/ppgell\/wp-json\/wp\/v2\/tags?post=268"}],"curies":[{"name":"wp","href":"https:\/\/api.w.org\/{rel}","templated":true}]}}