{"id":416,"date":"2021-05-27T08:38:08","date_gmt":"2021-05-27T11:38:08","guid":{"rendered":"https:\/\/propesp.uepa.br\/ppgell\/?p=416"},"modified":"2024-09-24T16:36:44","modified_gmt":"2024-09-24T19:36:44","slug":"i-webinario-ppgell-uepa","status":"publish","type":"post","link":"https:\/\/propesp.uepa.br\/ppgell\/i-webinario-ppgell-uepa\/","title":{"rendered":"I Webin\u00e1rio PPGELL\/UEPA"},"content":{"rendered":"\n<div class=\"wp-block-uagb-container uagb-block-949f25e1 alignfull uagb-is-root-container\"><div class=\"uagb-container-inner-blocks-wrap\">\n<h2 class=\"wp-block-heading has-text-align-center has-ast-global-color-5-color has-text-color has-background has-link-color wp-elements-1e8b2a4a45d84d2213e56d1563383177\" style=\"background-color:#2b8d00;font-size:32px\">I Webin\u00e1rio PPGELL UEPA<\/h2>\n<\/div><\/div>\n\n\n\n<div class=\"wp-block-uagb-container uagb-block-2cfead49 alignfull uagb-is-root-container\"><div class=\"uagb-container-inner-blocks-wrap\">\n<div class=\"wp-block-uagb-container uagb-block-295ed6a3 alignfull uagb-is-root-container\"><div class=\"uagb-container-inner-blocks-wrap\">\n<h3 class=\"wp-block-heading has-text-align-center\" style=\"padding-top:30px\"><strong>Saberes e Pr\u00e1ticas no ensino de L\u00edngua Portuguesa e suas Literaturas <\/strong><\/h3>\n\n\n\n<h4 class=\"wp-block-heading has-text-align-center has-text-color has-link-color wp-elements-e24fe78d7e2c16e8e32d688d20b6bdf8\" style=\"color:#2b8d00\">Per\u00edodo 01 e 02 de junho de 2021<br><br><a href=\"https:\/\/sites.google.com\/uepa.br\/webinario-ppgell\/in%C3%ADcio?authuser=2\">Para mais informa\u00e7\u00f5es &#8211; Clique aqui<br><\/a><br><a href=\"http:\/\/meet.google.com\/knm-wrhr-rji\">Link do <strong>Google Meet &#8211; Clique aqui<\/strong><\/a><strong> <\/strong><br><\/h4>\n\n\n\n<div class=\"wp-block-uagb-image uagb-block-365f4616 wp-block-uagb-image--layout-default wp-block-uagb-image--effect-static wp-block-uagb-image--align-none\"><figure class=\"wp-block-uagb-image__figure\"><img decoding=\"async\" srcset=\"https:\/\/propesp.uepa.br\/ppgell\/wp-content\/uploads\/2021\/05\/DIVULGACAO-PROGRAMACAO-I-WEBINARIO-PPGELL-UEPA-724x1024-1.png ,https:\/\/propesp.uepa.br\/ppgell\/wp-content\/uploads\/2021\/05\/DIVULGACAO-PROGRAMACAO-I-WEBINARIO-PPGELL-UEPA-724x1024-1.png 780w, https:\/\/propesp.uepa.br\/ppgell\/wp-content\/uploads\/2021\/05\/DIVULGACAO-PROGRAMACAO-I-WEBINARIO-PPGELL-UEPA-724x1024-1.png 360w\" sizes=\"(max-width: 480px) 150px\" src=\"https:\/\/propesp.uepa.br\/ppgell\/wp-content\/uploads\/2021\/05\/DIVULGACAO-PROGRAMACAO-I-WEBINARIO-PPGELL-UEPA-724x1024-1.png\" alt=\"\" class=\"uag-image-2046\" width=\"472\" height=\"470\" title=\"DIVULGA\u00c7\u00c3O-PROGRAMA\u00c7\u00c3O-I-WEBIN\u00c1RIO-PPGELL-UEPA-724x1024\" loading=\"lazy\" role=\"img\"\/><\/figure><\/div>\n<\/div><\/div>\n<\/div><\/div>\n","protected":false},"excerpt":{"rendered":"<p>I Webin\u00e1rio PPGELL UEPA Saberes e Pr\u00e1ticas no ensino de L\u00edngua Portuguesa e suas Literaturas Per\u00edodo 01 e 02 de junho de 2021 Para mais informa\u00e7\u00f5es &#8211; Clique aquiLink do Google Meet &#8211; Clique aqui<\/p>\n","protected":false},"author":2,"featured_media":0,"comment_status":"closed","ping_status":"open","sticky":true,"template":"","format":"standard","meta":{"_uag_custom_page_level_css":"","site-sidebar-layout":"default","site-content-layout":"","ast-site-content-layout":"default","site-content-style":"default","site-sidebar-style":"default","ast-global-header-display":"","ast-banner-title-visibility":"","ast-main-header-display":"","ast-hfb-above-header-display":"","ast-hfb-below-header-display":"","ast-hfb-mobile-header-display":"","site-post-title":"disabled","ast-breadcrumbs-content":"","ast-featured-img":"","footer-sml-layout":"","theme-transparent-header-meta":"","adv-header-id-meta":"","stick-header-meta":"","header-above-stick-meta":"","header-main-stick-meta":"","header-below-stick-meta":"","astra-migrate-meta-layouts":"set","ast-page-background-enabled":"default","ast-page-background-meta":{"desktop":{"background-color":"var(--ast-global-color-4)","background-image":"","background-repeat":"repeat","background-position":"center center","background-size":"auto","background-attachment":"scroll","background-type":"","background-media":"","overlay-type":"","overlay-color":"","overlay-gradient":""},"tablet":{"background-color":"","background-image":"","background-repeat":"repeat","background-position":"center center","background-size":"auto","background-attachment":"scroll","background-type":"","background-media":"","overlay-type":"","overlay-color":"","overlay-gradient":""},"mobile":{"background-color":"","background-image":"","background-repeat":"repeat","background-position":"center center","background-size":"auto","background-attachment":"scroll","background-type":"","background-media":"","overlay-type":"","overlay-color":"","overlay-gradient":""}},"ast-content-background-meta":{"desktop":{"background-color":"var(--ast-global-color-5)","background-image":"","background-repeat":"repeat","background-position":"center center","background-size":"auto","background-attachment":"scroll","background-type":"","background-media":"","overlay-type":"","overlay-color":"","overlay-gradient":""},"tablet":{"background-color":"var(--ast-global-color-5)","background-image":"","background-repeat":"repeat","background-position":"center center","background-size":"auto","background-attachment":"scroll","background-type":"","background-media":"","overlay-type":"","overlay-color":"","overlay-gradient":""},"mobile":{"background-color":"var(--ast-global-color-5)","background-image":"","background-repeat":"repeat","background-position":"center center","background-size":"auto","background-attachment":"scroll","background-type":"","background-media":"","overlay-type":"","overlay-color":"","overlay-gradient":""}},"footnotes":""},"categories":[1,54],"tags":[],"class_list":["post-416","post","type-post","status-publish","format-standard","hentry","category-destaques","category-webinario"],"uagb_featured_image_src":{"full":false,"thumbnail":false,"medium":false,"medium_large":false,"large":false,"1536x1536":false,"2048x2048":false},"uagb_author_info":{"display_name":"jamily@uepa.br","author_link":"https:\/\/propesp.uepa.br\/ppgell\/author\/jamilyuepa-br\/"},"uagb_comment_info":0,"uagb_excerpt":"I Webin\u00e1rio PPGELL UEPA Saberes e Pr\u00e1ticas no ensino de L\u00edngua Portuguesa e suas Literaturas Per\u00edodo 01 e 02 de junho de 2021 Para mais informa\u00e7\u00f5es &#8211; Clique aquiLink do Google Meet &#8211; Clique aqui","_links":{"self":[{"href":"https:\/\/propesp.uepa.br\/ppgell\/wp-json\/wp\/v2\/posts\/416"}],"collection":[{"href":"https:\/\/propesp.uepa.br\/ppgell\/wp-json\/wp\/v2\/posts"}],"about":[{"href":"https:\/\/propesp.uepa.br\/ppgell\/wp-json\/wp\/v2\/types\/post"}],"author":[{"embeddable":true,"href":"https:\/\/propesp.uepa.br\/ppgell\/wp-json\/wp\/v2\/users\/2"}],"replies":[{"embeddable":true,"href":"https:\/\/propesp.uepa.br\/ppgell\/wp-json\/wp\/v2\/comments?post=416"}],"version-history":[{"count":43,"href":"https:\/\/propesp.uepa.br\/ppgell\/wp-json\/wp\/v2\/posts\/416\/revisions"}],"predecessor-version":[{"id":2049,"href":"https:\/\/propesp.uepa.br\/ppgell\/wp-json\/wp\/v2\/posts\/416\/revisions\/2049"}],"wp:attachment":[{"href":"https:\/\/propesp.uepa.br\/ppgell\/wp-json\/wp\/v2\/media?parent=416"}],"wp:term":[{"taxonomy":"category","embeddable":true,"href":"https:\/\/propesp.uepa.br\/ppgell\/wp-json\/wp\/v2\/categories?post=416"},{"taxonomy":"post_tag","embeddable":true,"href":"https:\/\/propesp.uepa.br\/ppgell\/wp-json\/wp\/v2\/tags?post=416"}],"curies":[{"name":"wp","href":"https:\/\/api.w.org\/{rel}","templated":true}]}}