{"id":431,"date":"2021-05-28T09:58:37","date_gmt":"2021-05-28T12:58:37","guid":{"rendered":"https:\/\/propesp.uepa.br\/ppgell\/?p=431"},"modified":"2022-06-03T08:32:11","modified_gmt":"2022-06-03T11:32:11","slug":"abertas-inscricoes-para-exame-de-proficiencia-do-ppgell","status":"publish","type":"post","link":"https:\/\/propesp.uepa.br\/ppgell\/abertas-inscricoes-para-exame-de-proficiencia-do-ppgell\/","title":{"rendered":"Abertas inscri\u00e7\u00f5es para Exame de Profici\u00eancia do PPGELL"},"content":{"rendered":"\n<figure class=\"wp-block-image\"><img loading=\"lazy\" decoding=\"async\" width=\"1000\" height=\"600\" src=\"https:\/\/propesp.uepa.br\/ppgell\/wp-content\/uploads\/2021\/05\/uepa.jpg\" alt=\"\" class=\"wp-image-432\" srcset=\"https:\/\/propesp.uepa.br\/ppgell\/wp-content\/uploads\/2021\/05\/uepa.jpg 1000w, https:\/\/propesp.uepa.br\/ppgell\/wp-content\/uploads\/2021\/05\/uepa-300x180.jpg 300w, https:\/\/propesp.uepa.br\/ppgell\/wp-content\/uploads\/2021\/05\/uepa-768x461.jpg 768w\" sizes=\"(max-width: 1000px) 100vw, 1000px\" \/><figcaption><strong>Fotos: Pedro Guerreiro (Ag\u00eancia Par\u00e1).<\/strong> <\/figcaption><\/figure>\n\n\n\n<p style=\"text-align:center\"><strong> EDITAL N\u00ba 28\/2021\u2013 UEPA EXAME DE PROFICI\u00caNCIA EM L\u00cdNGUA ESTRANGEIRA \u2013 EPLE DO  PROGRAMA DE P\u00d3S-GRADUA\u00c7\u00c3O EM ENSINO DE L\u00cdNGUA PORTUGUESA E SUAS RESPECTIVAS LITERATURAS \u2013 MESTRADO PROFISSIONAL<\/strong><\/p>\n\n\n\n<p> A Universidade do Estado do Par\u00e1 torna p\u00fablica a chamada para o Exame de Profici\u00eancia em L\u00edngua Estrangeira \u2013 EPLE, atividade ligada ao Projeto de Extens\u00e3o-EPLE, aprovado pela Resolu\u00e7\u00e3o N\u00ba 3594\/20-CONSUN, 06 de Novembro de 2020 do Programa de P\u00f3s Gradua\u00e7\u00e3o em Ensino de L\u00edngua Portuguesa e suas Respectivas Literaturas (PPGELL) \u2013 Mestrado Profissional, do Centro de Ci\u00eancias Sociais e Educa\u00e7\u00e3o (CCSE), com inscri\u00e7\u00f5es para alunos dos programas de p\u00f3s-gradua\u00e7\u00e3o da Universidade do Estado do Par\u00e1 e candidatos externos <\/p>\n\n\n\n<h4 class=\"wp-block-heading\" style=\"text-align:center\">Para mais informa\u00e7\u00f5es, acesse o site:<a href=\"https:\/\/www.uepa.br\/pt-br\/noticias\/abertas-inscri%C3%A7%C3%B5es-para-exame-de-profici%C3%AAncia-do-ppgell\">https:\/\/www.uepa.br\/pt-br\/noticias\/abertas-inscri%C3%A7%C3%B5es-para-exame-de-profici%C3%AAncia-do-ppgell<\/a><\/h4>\n\n\n\n<h2 class=\"wp-block-heading\"><\/h2>\n","protected":false},"excerpt":{"rendered":"<p>EDITAL N\u00ba 28\/2021\u2013 UEPA EXAME DE PROFICI\u00caNCIA EM L\u00cdNGUA ESTRANGEIRA \u2013 EPLE DO PROGRAMA DE P\u00d3S-GRADUA\u00c7\u00c3O EM ENSINO DE L\u00cdNGUA PORTUGUESA E SUAS RESPECTIVAS LITERATURAS \u2013 MESTRADO PROFISSIONAL A Universidade do Estado do Par\u00e1 torna p\u00fablica a chamada para o Exame de Profici\u00eancia em L\u00edngua Estrangeira \u2013 EPLE, atividade ligada ao Projeto de Extens\u00e3o-EPLE, aprovado &hellip;<\/p>\n<p class=\"read-more\"> <a class=\"\" href=\"https:\/\/propesp.uepa.br\/ppgell\/abertas-inscricoes-para-exame-de-proficiencia-do-ppgell\/\"> <span class=\"screen-reader-text\">Abertas inscri\u00e7\u00f5es para Exame de Profici\u00eancia do PPGELL<\/span> Leia mais &raquo;<\/a><\/p>\n","protected":false},"author":2,"featured_media":0,"comment_status":"closed","ping_status":"open","sticky":true,"template":"","format":"standard","meta":{"_uag_custom_page_level_css":"","site-sidebar-layout":"default","site-content-layout":"","ast-site-content-layout":"","site-content-style":"default","site-sidebar-style":"default","ast-global-header-display":"","ast-banner-title-visibility":"","ast-main-header-display":"","ast-hfb-above-header-display":"","ast-hfb-below-header-display":"","ast-hfb-mobile-header-display":"","site-post-title":"","ast-breadcrumbs-content":"","ast-featured-img":"","footer-sml-layout":"","theme-transparent-header-meta":"","adv-header-id-meta":null,"stick-header-meta":null,"header-above-stick-meta":null,"header-main-stick-meta":null,"header-below-stick-meta":null,"astra-migrate-meta-layouts":"","ast-page-background-enabled":"default","ast-page-background-meta":{"desktop":{"background-color":"var(--ast-global-color-4)","background-image":"","background-repeat":"repeat","background-position":"center center","background-size":"auto","background-attachment":"scroll","background-type":"","background-media":"","overlay-type":"","overlay-color":"","overlay-gradient":""},"tablet":{"background-color":"","background-image":"","background-repeat":"repeat","background-position":"center center","background-size":"auto","background-attachment":"scroll","background-type":"","background-media":"","overlay-type":"","overlay-color":"","overlay-gradient":""},"mobile":{"background-color":"","background-image":"","background-repeat":"repeat","background-position":"center center","background-size":"auto","background-attachment":"scroll","background-type":"","background-media":"","overlay-type":"","overlay-color":"","overlay-gradient":""}},"ast-content-background-meta":{"desktop":{"background-color":"var(--ast-global-color-5)","background-image":"","background-repeat":"repeat","background-position":"center center","background-size":"auto","background-attachment":"scroll","background-type":"","background-media":"","overlay-type":"","overlay-color":"","overlay-gradient":""},"tablet":{"background-color":"var(--ast-global-color-5)","background-image":"","background-repeat":"repeat","background-position":"center center","background-size":"auto","background-attachment":"scroll","background-type":"","background-media":"","overlay-type":"","overlay-color":"","overlay-gradient":""},"mobile":{"background-color":"var(--ast-global-color-5)","background-image":"","background-repeat":"repeat","background-position":"center center","background-size":"auto","background-attachment":"scroll","background-type":"","background-media":"","overlay-type":"","overlay-color":"","overlay-gradient":""}},"footnotes":""},"categories":[28],"tags":[],"class_list":["post-431","post","type-post","status-publish","format-standard","hentry","category-sem-categoria-pt"],"uagb_featured_image_src":{"full":false,"thumbnail":false,"medium":false,"medium_large":false,"large":false,"1536x1536":false,"2048x2048":false},"uagb_author_info":{"display_name":"jamily@uepa.br","author_link":"https:\/\/propesp.uepa.br\/ppgell\/author\/jamilyuepa-br\/"},"uagb_comment_info":0,"uagb_excerpt":"EDITAL N\u00ba 28\/2021\u2013 UEPA EXAME DE PROFICI\u00caNCIA EM L\u00cdNGUA ESTRANGEIRA \u2013 EPLE DO PROGRAMA DE P\u00d3S-GRADUA\u00c7\u00c3O EM ENSINO DE L\u00cdNGUA PORTUGUESA E SUAS RESPECTIVAS LITERATURAS \u2013 MESTRADO PROFISSIONAL A Universidade do Estado do Par\u00e1 torna p\u00fablica a chamada para o Exame de Profici\u00eancia em L\u00edngua Estrangeira \u2013 EPLE, atividade ligada ao Projeto de Extens\u00e3o-EPLE, aprovado&hellip;","_links":{"self":[{"href":"https:\/\/propesp.uepa.br\/ppgell\/wp-json\/wp\/v2\/posts\/431"}],"collection":[{"href":"https:\/\/propesp.uepa.br\/ppgell\/wp-json\/wp\/v2\/posts"}],"about":[{"href":"https:\/\/propesp.uepa.br\/ppgell\/wp-json\/wp\/v2\/types\/post"}],"author":[{"embeddable":true,"href":"https:\/\/propesp.uepa.br\/ppgell\/wp-json\/wp\/v2\/users\/2"}],"replies":[{"embeddable":true,"href":"https:\/\/propesp.uepa.br\/ppgell\/wp-json\/wp\/v2\/comments?post=431"}],"version-history":[{"count":1,"href":"https:\/\/propesp.uepa.br\/ppgell\/wp-json\/wp\/v2\/posts\/431\/revisions"}],"predecessor-version":[{"id":433,"href":"https:\/\/propesp.uepa.br\/ppgell\/wp-json\/wp\/v2\/posts\/431\/revisions\/433"}],"wp:attachment":[{"href":"https:\/\/propesp.uepa.br\/ppgell\/wp-json\/wp\/v2\/media?parent=431"}],"wp:term":[{"taxonomy":"category","embeddable":true,"href":"https:\/\/propesp.uepa.br\/ppgell\/wp-json\/wp\/v2\/categories?post=431"},{"taxonomy":"post_tag","embeddable":true,"href":"https:\/\/propesp.uepa.br\/ppgell\/wp-json\/wp\/v2\/tags?post=431"}],"curies":[{"name":"wp","href":"https:\/\/api.w.org\/{rel}","templated":true}]}}