{"id":5441,"date":"2025-03-07T13:01:16","date_gmt":"2025-03-07T16:01:16","guid":{"rendered":"https:\/\/propesp.uepa.br\/ppgenf\/?p=5441"},"modified":"2026-01-19T11:44:35","modified_gmt":"2026-01-19T14:44:35","slug":"qualificacoes-turma-2024","status":"publish","type":"post","link":"https:\/\/propesp.uepa.br\/ppgenf\/index.php\/qualificacoes-turma-2024\/","title":{"rendered":"Qualifica\u00e7\u00f5es (Mestrado) &#8211; Turma 2024"},"content":{"rendered":"\n<p class=\"has-text-align-center has-medium-font-size\"><strong>O Programa de P\u00f3s-Gradua\u00e7\u00e3o em Enfermagem torna p\u00fablico as Qualifica\u00e7\u00f5es dos Pojetos de Disserta\u00e7\u00e3o dos P\u00f3s-Graduandos da Turma &#8211; 2024<\/strong><\/p>\n\n\n\n<h4 class=\"wp-block-heading\">\u21d2 Dia 07 de mar\u00e7o \u00e0s 15:00h \u2013 Discente <strong>ANTONIA REGIANE PEREIRA DUARTE VALENTE,<\/strong> acesse o <a href=\"https:\/\/propesp.uepa.br\/ppgenf\/wp-content\/uploads\/2025\/03\/WhatsApp-Image-2025-03-07-at-08.09.12.jpeg\"><strong>CONVITE<\/strong><\/a><\/h4>\n\n\n\n<h4 class=\"wp-block-heading\">\u21d2 Dia 12 de mar\u00e7o \u00e0s 10:30h \u2013 Discente <strong>MILENA BEATRIZ DE SOUSA SANTOS,<\/strong> acesse o <a href=\"https:\/\/propesp.uepa.br\/ppgenf\/wp-content\/uploads\/2025\/03\/Convite_Milena-Beatriz.png\"><strong>CONVITE<\/strong><\/a><\/h4>\n\n\n\n<h4 class=\"wp-block-heading\">\u21d2 Dia 20 de mar\u00e7o \u00e0s 08:30h &#8211; Discente <strong>LIANA GON\u00c7ALVES TEIXEIRA DOS SANTOS<\/strong>, acesse o <a href=\"https:\/\/propesp.uepa.br\/ppgenf\/wp-content\/uploads\/2025\/03\/Convite_Liana.png\"><strong>CONVITE<\/strong><\/a><\/h4>\n\n\n\n<h4 class=\"wp-block-heading\">\u21d2 Dia 25 de mar\u00e7o \u00e0s 14:00h &#8211; Discente <strong>FELIPE COSTA SOARES<\/strong>, acesse o <a href=\"https:\/\/propesp.uepa.br\/ppgenf\/wp-content\/uploads\/2025\/03\/Certificado.png\"><strong>CONVITE<\/strong><\/a><\/h4>\n\n\n\n<h4 class=\"wp-block-heading\">\u21d2 Dia 22 de abril \u00e0s 14:30 &#8211; Discente <strong>LEANNA SILVA AQUINO<\/strong>, acesse o <a href=\"https:\/\/propesp.uepa.br\/ppgenf\/wp-content\/uploads\/2025\/04\/CONVITE_LEANNA-AQUINO.png\"><strong>CONVITE<\/strong><\/a><\/h4>\n\n\n\n<h4 class=\"wp-block-heading\">\u21d2 Dia 26 de mar\u00e7o \u00e0s 15:00 &#8211; Discente <strong>GILVANDRO UBIRACY VALENTE<\/strong>, acesse o <a href=\"https:\/\/propesp.uepa.br\/ppgenf\/wp-content\/uploads\/2025\/03\/Certificado-1.png\"><strong>CONVITE<\/strong><\/a><\/h4>\n\n\n\n<h4 class=\"wp-block-heading\">\u21d2 Dia 28 de mar\u00e7o \u00e0s 11:00 &#8211; Discente <strong>FABRICIO OLIVEIRA PACHECO<\/strong>, acesse o <a href=\"https:\/\/propesp.uepa.br\/ppgenf\/wp-content\/uploads\/2025\/03\/Certificado-2-1.png\"><strong>CONVITE<\/strong><\/a><\/h4>\n\n\n\n<h4 class=\"wp-block-heading\">\u21d2 Dia 31 de mar\u00e7o \u00e0s 09:00 &#8211; Discente <strong>ITAMARA RODRIGUES MOURA<\/strong>, acesse o <a href=\"https:\/\/propesp.uepa.br\/ppgenf\/wp-content\/uploads\/2025\/03\/Convite_Qualificacao_Itamara.png\"><strong>CONVITE<\/strong><\/a><\/h4>\n\n\n\n<h4 class=\"wp-block-heading\">\u21d2 Dia 01 de abril \u00e0s 15:00 &#8211; Discente <strong>ANTONIO CORREA MARQUES NETO<\/strong>, acesse o <a href=\"https:\/\/propesp.uepa.br\/ppgenf\/wp-content\/uploads\/2025\/03\/Convite_Qualificacao_Antonio.png\"><strong>CONVITE<\/strong><\/a><\/h4>\n\n\n\n<h4 class=\"wp-block-heading\">\u21d2 Dia 03 de abril \u00e0s 11:00 &#8211; Discente <strong>VIT\u00d3RIA REGINA SILVA TEIXEIRA<\/strong>, acesse o <a href=\"https:\/\/propesp.uepa.br\/ppgenf\/wp-content\/uploads\/2025\/03\/Convite_Qualificacao_Vitoria.png\"><strong>CONVITE<\/strong><\/a><\/h4>\n\n\n\n<h4 class=\"wp-block-heading\">\u21d2 Dia 14 de abril \u00e0s 15:00 &#8211; Discente <strong>L\u00daVIA SANTOS DA SILVA<\/strong>, acesse o <a href=\"https:\/\/propesp.uepa.br\/ppgenf\/wp-content\/uploads\/2025\/04\/CONVITE_LUVIA.png\"><strong>CONVITE<\/strong><\/a><\/h4>\n\n\n\n<h4 class=\"wp-block-heading\">\u21d2 Dia 15 de abril \u00e0s 10:00 &#8211; Discente <strong>LUANA CAVALCANTE CARDOSO CAETANO<\/strong>, acesse o <a href=\"https:\/\/propesp.uepa.br\/ppgenf\/wp-content\/uploads\/2025\/04\/CONVITE_LUANA.png\"><strong>CONVITE<\/strong><\/a><\/h4>\n\n\n\n<h4 class=\"wp-block-heading\">\u21d2 Dia 15 de abril \u00e0s 14:00 &#8211; Discente <strong>INGRID BENTES LIMA<\/strong>, acesse o <a href=\"https:\/\/propesp.uepa.br\/ppgenf\/wp-content\/uploads\/2025\/04\/CONVITE_INGRID.png\"><strong>CONVITE<\/strong><\/a><\/h4>\n\n\n\n<h4 class=\"wp-block-heading\">\u21d2 Dia 17 de abril \u00e0s 15:00 &#8211; Discente <strong>ARIAMIRO DOS SANTOS SILVA JUNIOR<\/strong>, acesse o <a href=\"https:\/\/propesp.uepa.br\/ppgenf\/wp-content\/uploads\/2025\/04\/CONVITE_ARIAMIRO.png\"><strong>CONVITE<\/strong><\/a><\/h4>\n\n\n\n<h4 class=\"wp-block-heading\">\u21d2 Dia 25 de abril \u00e0s 09:00 &#8211; Discente <strong>ALINE MENDES CARDOSO<\/strong>, acesse o <a href=\"https:\/\/propesp.uepa.br\/ppgenf\/wp-content\/uploads\/2025\/04\/CONVITE_QUAL-ALINE-CARDOSO.png\"><strong>CONVITE<\/strong><\/a><\/h4>\n\n\n\n<h4 class=\"wp-block-heading\">\u21d2 Dia 29 de abril \u00e0s 09:30 &#8211; Discente <strong>ADRIELY ALCIANY MIRANDA DOS SANTOS<\/strong>, acesse o <a href=\"https:\/\/propesp.uepa.br\/ppgenf\/wp-content\/uploads\/2025\/04\/CONVITE_ADRIELY-ALCIANY.png\"><strong>CONVITE<\/strong><\/a><\/h4>\n\n\n\n<h4 class=\"wp-block-heading\">\u21d2 Dia 29 de abril \u00e0s 10:00 &#8211; Discente <strong>FL\u00c1VIA RENATA NEVES COSTA<\/strong>, acesse o <strong><a href=\"https:\/\/propesp.uepa.br\/ppgenf\/wp-content\/uploads\/2025\/04\/CONVITES_FLAVIA-RENTA.png\" data-type=\"attachment\" data-id=\"5580\">CONVITE<\/a><\/strong><\/h4>\n\n\n\n<h4 class=\"wp-block-heading\">\u21d2 Dia 29 de abril \u00e0s 14:00 &#8211; Discente <strong>RAQUEL GOMES DA SILVA<\/strong>, acesse o <strong><a href=\"https:\/\/propesp.uepa.br\/ppgenf\/wp-content\/uploads\/2025\/04\/CONVITES_RAQUEL-GOMES.png\" data-type=\"attachment\" data-id=\"5579\">CONVITE<\/a><\/strong><\/h4>\n\n\n\n<h4 class=\"wp-block-heading\">\u21d2 Dia 29 de abril \u00e0s 16:00 &#8211; Discente <strong>KALENE RAMOS SILVA<\/strong>, acesse o <strong><a href=\"https:\/\/propesp.uepa.br\/ppgenf\/wp-content\/uploads\/2025\/04\/CONVITE_KALENE-RAMOS.png\" data-type=\"attachment\" data-id=\"5586\">CONVITE<\/a><\/strong><\/h4>\n\n\n\n<h4 class=\"wp-block-heading\">\u21d2 Dia 30 de abril \u00e0s 09:00 &#8211; Discente <strong>CRISNA TACHIA CAMPOS SOARES<\/strong>, acesse o <strong><a href=\"https:\/\/propesp.uepa.br\/ppgenf\/wp-content\/uploads\/2025\/04\/CONVITE_CRISNA-TACHIA.png\" data-type=\"attachment\" data-id=\"5577\">CONVITE<\/a><\/strong><\/h4>\n\n\n\n<h4 class=\"wp-block-heading\">\u21d2 Dia 06 de maio \u00e0s 09:00 &#8211; Discente <strong>LIDIANE ROSSATO DECKMANN NOGUEIRA<\/strong>, acesse o <strong><a href=\"https:\/\/propesp.uepa.br\/ppgenf\/wp-content\/uploads\/2025\/04\/CONVITE-QUALIFICACAO-LIDIANE.png\" data-type=\"attachment\" data-id=\"5611\">CONVITE<\/a><\/strong><\/h4>\n\n\n\n<h4 class=\"wp-block-heading\">\u21d2 Dia 06 de maio \u00e0s 09:30 &#8211; Discente <strong>ANA CAROLINA CAMPOS CORR\u00caA<\/strong>, acesse o <strong><a href=\"https:\/\/propesp.uepa.br\/ppgenf\/wp-content\/uploads\/2025\/04\/CONVITE-QUALIFICACAO-ANA-CAROLINA.png\" data-type=\"attachment\" data-id=\"5610\">CONVITE<\/a><\/strong><\/h4>\n\n\n\n<h4 class=\"wp-block-heading\">\u21d2 Dia 12 de maio \u00e0s 10:30 &#8211; Discente <strong>EMILY MANUELLI MENDON\u00c7A SENA<\/strong>, acesse o <strong><a href=\"https:\/\/propesp.uepa.br\/ppgenf\/wp-content\/uploads\/2025\/05\/CONVITE-QUALIFICACAO-EMILY-SENA.png\" data-type=\"attachment\" data-id=\"5632\">CONVITE<\/a><\/strong><\/h4>\n\n\n\n<h4 class=\"wp-block-heading\">\u21d2 Dia 16 de maio \u00e0s 15:00 &#8211; Discente <strong>BRENO AUGUSTO SILVA DIARTE<\/strong>, acesse o <strong><a href=\"https:\/\/propesp.uepa.br\/ppgenf\/wp-content\/uploads\/2025\/05\/CONVITE-QUALIFICACAO-BRENO-DUARTE.png\" data-type=\"attachment\" data-id=\"5631\">CONVITE<\/a><\/strong><\/h4>\n\n\n\n<h4 class=\"wp-block-heading\">\u21d2 Dia 22 de maio \u00e0s 15:00 &#8211; Discente <strong>AMANDA LUYTA MONTEIRO DA MOTA<\/strong>, acesse o <strong><a href=\"https:\/\/propesp.uepa.br\/ppgenf\/?page_id=5671\" data-type=\"page\" data-id=\"5671\">CONVITE<\/a><\/strong><\/h4>\n\n\n\n<h4 class=\"wp-block-heading\">\u21d2 Dia 21 de maio \u00e0s 9:00 &#8211; Discente <strong>GEORGE PINHEIRO CARVALHO<\/strong>, acesse o <strong><a href=\"https:\/\/propesp.uepa.br\/ppgenf\/?page_id=5672\" data-type=\"page\" data-id=\"5672\">CONVITE<\/a><\/strong><\/h4>\n\n\n\n<h4 class=\"wp-block-heading\">\u21d2 Dia 28 de maio \u00e0s 8:00 &#8211; Discente <strong>BRUNA EDUARDA BELO GAIA<\/strong>, acesse o <strong><a href=\"https:\/\/propesp.uepa.br\/ppgenf\/?page_id=5674\" data-type=\"page\" data-id=\"5674\">CONVITE<\/a><\/strong><\/h4>\n\n\n\n<h4 class=\"wp-block-heading\">\u21d2 Dia 30 de maio \u00e0s 13:00 &#8211; Discente <strong>LARYSSA CRISTIANE PALHETA VULC\u00c3O<\/strong>, acesse o <strong><a href=\"https:\/\/propesp.uepa.br\/ppgenf\/wp-content\/uploads\/2025\/05\/CONVITE-QUALIFICACAO-LARYSSA-VULCAO.png\" data-type=\"attachment\" data-id=\"5691\">CONVITE<\/a><\/strong><\/h4>\n\n\n\n<h4 class=\"wp-block-heading\">\u21d2 Dia 09 de junho \u00e0s 10:00 &#8211; Discente <strong>CLAREANA COSTA CAMPELO CUNHA<\/strong>, acesse o <strong><a href=\"https:\/\/propesp.uepa.br\/ppgenf\/wp-content\/uploads\/2025\/06\/CONVITE-QUALIFICACAO-CLAREANA.png\" data-type=\"attachment\" data-id=\"5700\">CONVITE<\/a><\/strong><\/h4>\n\n\n\n<h4 class=\"wp-block-heading\">\u21d2 Dia 17 de junho \u00e0s 16:00 &#8211; Discente <strong>ANA MARIA DIAS CORREA DOS SANTOS<\/strong>, acesse o <strong><a href=\"https:\/\/propesp.uepa.br\/ppgenf\/wp-content\/uploads\/2025\/06\/CONVITE-QUALIFICACAO-ANA-MARIA.png\">CONVITE<\/a><\/strong><\/h4>\n\n\n\n<h4 class=\"wp-block-heading\">\u21d2 Dia 20 de junho \u00e0s 15:00 &#8211; Discente <strong>JULIANNE FIGUEIREDO COSTA SOUSA<\/strong>, acesse o <strong><a href=\"https:\/\/propesp.uepa.br\/ppgenf\/wp-content\/uploads\/2025\/06\/CONVITE-DEFESA-JULIANA-VIEIRA.png\" data-type=\"attachment\" data-id=\"5702\">CONVITE<\/a><\/strong><\/h4>\n\n\n\n<h4 class=\"wp-block-heading\">\u21d2 Dia 30 de junho \u00e0s 15:00 &#8211; Discente <strong>RAISA OKSANA LIDIA ELLIS FREIRE DE SENA GARCIA DA SILVA<\/strong>, acesse o <strong><a href=\"https:\/\/propesp.uepa.br\/ppgenf\/wp-content\/uploads\/2025\/06\/CONVITE-QUALIFICACAO-RAISA-OKSANA.png\" data-type=\"attachment\" data-id=\"5723\">CONVITE<\/a><\/strong><\/h4>\n\n\n\n<h4 class=\"wp-block-heading\">\u21d2 Dia 16 de julho \u00e0s 14:00 &#8211; Discente <strong>YURI HENRIQUE ANDRADE DE OLIVEIRA<\/strong>, acesse o <strong><a href=\"https:\/\/propesp.uepa.br\/ppgenf\/wp-content\/uploads\/2025\/07\/CONVITE-QUALIFICACAO-YURI.png\" data-type=\"attachment\" data-id=\"5729\">CONVITE<\/a><\/strong><\/h4>\n\n\n\n<p><\/p>\n","protected":false},"excerpt":{"rendered":"<p>O Programa de P\u00f3s-Gradua\u00e7\u00e3o em Enfermagem torna p\u00fablico as Qualifica\u00e7\u00f5es dos Pojetos de Disserta\u00e7\u00e3o dos P\u00f3s-Graduandos da Turma &#8211; 2024 \u21d2 Dia 07 de mar\u00e7o \u00e0s 15:00h \u2013 Discente ANTONIA REGIANE PEREIRA DUARTE VALENTE, acesse o CONVITE \u21d2 Dia 12 de mar\u00e7o \u00e0s 10:30h \u2013 Discente MILENA BEATRIZ DE SOUSA SANTOS, acesse o CONVITE \u21d2 &hellip;<\/p>\n<p class=\"read-more\"> <a class=\"\" href=\"https:\/\/propesp.uepa.br\/ppgenf\/index.php\/qualificacoes-turma-2024\/\"> <span class=\"screen-reader-text\">Qualifica\u00e7\u00f5es (Mestrado) &#8211; Turma 2024<\/span> Leia mais &raquo;<\/a><\/p>\n","protected":false},"author":2,"featured_media":0,"comment_status":"open","ping_status":"open","sticky":false,"template":"","format":"standard","meta":{"_uag_custom_page_level_css":"","site-sidebar-layout":"default","site-content-layout":"","ast-site-content-layout":"default","site-content-style":"default","site-sidebar-style":"default","ast-global-header-display":"","ast-banner-title-visibility":"","ast-main-header-display":"","ast-hfb-above-header-display":"","ast-hfb-below-header-display":"","ast-hfb-mobile-header-display":"","site-post-title":"","ast-breadcrumbs-content":"","ast-featured-img":"","footer-sml-layout":"","theme-transparent-header-meta":"","adv-header-id-meta":"","stick-header-meta":"","header-above-stick-meta":"","header-main-stick-meta":"","header-below-stick-meta":"","astra-migrate-meta-layouts":"set","ast-page-background-enabled":"default","ast-page-background-meta":{"desktop":{"background-color":"","background-image":"","background-repeat":"repeat","background-position":"center center","background-size":"auto","background-attachment":"scroll","background-type":"","background-media":"","overlay-type":"","overlay-color":"","overlay-gradient":""},"tablet":{"background-color":"","background-image":"","background-repeat":"repeat","background-position":"center center","background-size":"auto","background-attachment":"scroll","background-type":"","background-media":"","overlay-type":"","overlay-color":"","overlay-gradient":""},"mobile":{"background-color":"","background-image":"","background-repeat":"repeat","background-position":"center center","background-size":"auto","background-attachment":"scroll","background-type":"","background-media":"","overlay-type":"","overlay-color":"","overlay-gradient":""}},"ast-content-background-meta":{"desktop":{"background-color":"var(--ast-global-color-5)","background-image":"","background-repeat":"repeat","background-position":"center center","background-size":"auto","background-attachment":"scroll","background-type":"","background-media":"","overlay-type":"","overlay-color":"","overlay-gradient":""},"tablet":{"background-color":"var(--ast-global-color-5)","background-image":"","background-repeat":"repeat","background-position":"center center","background-size":"auto","background-attachment":"scroll","background-type":"","background-media":"","overlay-type":"","overlay-color":"","overlay-gradient":""},"mobile":{"background-color":"var(--ast-global-color-5)","background-image":"","background-repeat":"repeat","background-position":"center center","background-size":"auto","background-attachment":"scroll","background-type":"","background-media":"","overlay-type":"","overlay-color":"","overlay-gradient":""}},"footnotes":""},"categories":[1],"tags":[],"uagb_featured_image_src":{"full":false,"thumbnail":false,"medium":false,"medium_large":false,"large":false,"1536x1536":false,"2048x2048":false},"uagb_author_info":{"display_name":"nelma.ramos@uepa.br","author_link":"https:\/\/propesp.uepa.br\/ppgenf\/index.php\/author\/nelma-ramosuepa-br\/"},"uagb_comment_info":0,"uagb_excerpt":"O Programa de P\u00f3s-Gradua\u00e7\u00e3o em Enfermagem torna p\u00fablico as Qualifica\u00e7\u00f5es dos Pojetos de Disserta\u00e7\u00e3o dos P\u00f3s-Graduandos da Turma &#8211; 2024 \u21d2 Dia 07 de mar\u00e7o \u00e0s 15:00h \u2013 Discente ANTONIA REGIANE PEREIRA DUARTE VALENTE, acesse o CONVITE \u21d2 Dia 12 de mar\u00e7o \u00e0s 10:30h \u2013 Discente MILENA BEATRIZ DE SOUSA SANTOS, acesse o CONVITE \u21d2&hellip;","_links":{"self":[{"href":"https:\/\/propesp.uepa.br\/ppgenf\/index.php\/wp-json\/wp\/v2\/posts\/5441"}],"collection":[{"href":"https:\/\/propesp.uepa.br\/ppgenf\/index.php\/wp-json\/wp\/v2\/posts"}],"about":[{"href":"https:\/\/propesp.uepa.br\/ppgenf\/index.php\/wp-json\/wp\/v2\/types\/post"}],"author":[{"embeddable":true,"href":"https:\/\/propesp.uepa.br\/ppgenf\/index.php\/wp-json\/wp\/v2\/users\/2"}],"replies":[{"embeddable":true,"href":"https:\/\/propesp.uepa.br\/ppgenf\/index.php\/wp-json\/wp\/v2\/comments?post=5441"}],"version-history":[{"count":28,"href":"https:\/\/propesp.uepa.br\/ppgenf\/index.php\/wp-json\/wp\/v2\/posts\/5441\/revisions"}],"predecessor-version":[{"id":6074,"href":"https:\/\/propesp.uepa.br\/ppgenf\/index.php\/wp-json\/wp\/v2\/posts\/5441\/revisions\/6074"}],"wp:attachment":[{"href":"https:\/\/propesp.uepa.br\/ppgenf\/index.php\/wp-json\/wp\/v2\/media?parent=5441"}],"wp:term":[{"taxonomy":"category","embeddable":true,"href":"https:\/\/propesp.uepa.br\/ppgenf\/index.php\/wp-json\/wp\/v2\/categories?post=5441"},{"taxonomy":"post_tag","embeddable":true,"href":"https:\/\/propesp.uepa.br\/ppgenf\/index.php\/wp-json\/wp\/v2\/tags?post=5441"}],"curies":[{"name":"wp","href":"https:\/\/api.w.org\/{rel}","templated":true}]}}