{"id":5542,"date":"2025-04-07T16:33:50","date_gmt":"2025-04-07T19:33:50","guid":{"rendered":"https:\/\/propesp.uepa.br\/ppgenf\/?p=5542"},"modified":"2026-01-19T11:44:49","modified_gmt":"2026-01-19T14:44:49","slug":"defesas-tuma-2023","status":"publish","type":"post","link":"https:\/\/propesp.uepa.br\/ppgenf\/index.php\/defesas-tuma-2023\/","title":{"rendered":"Defesas (Mestrado) &#8211; Tuma 2023"},"content":{"rendered":"\n<p class=\"has-text-align-center has-medium-font-size\"><strong>O Programa de P\u00f3s-Gradua\u00e7\u00e3o em Enfermagem torna p\u00fablico as Defesas de Disserta\u00e7\u00e3o dos P\u00f3s-Graduandos da Turma \u2013 2023<\/strong><\/p>\n\n\n\n<h4 class=\"wp-block-heading\">\u00bbDia 10 de abril \u00e0s 9:00h \u2013 Discente <strong>DANIELE MESQUITA BATISTA,<\/strong> acesse o <a href=\"https:\/\/propesp.uepa.br\/ppgenf\/wp-content\/uploads\/2025\/04\/Convite-Defesa-Daniele.png\"><strong>CONVITE<\/strong><\/a><\/h4>\n\n\n\n<h4 class=\"wp-block-heading\">\u00bbDia 22 de abril \u00e0s 9:00h \u2013 Discente <strong>PAMELA FARIAS SANTOS,<\/strong> acesse o <a href=\"https:\/\/propesp.uepa.br\/ppgenf\/wp-content\/uploads\/2025\/04\/CONVITE_DEFESA-PAMELA-SANTOS.png\"><strong>CONVITE<\/strong><\/a><\/h4>\n\n\n\n<h4 class=\"wp-block-heading\">\u00bbDia 24 de abril \u00e0s 15:00h \u2013 Discente <strong>PAULA GISELY COSTA SILVA,<\/strong> acesse o <a href=\"https:\/\/propesp.uepa.br\/ppgenf\/wp-content\/uploads\/2025\/04\/CONVITE_DEFESA-PAULA-SILVA.png\"><strong>CONVITE<\/strong><\/a><\/h4>\n\n\n\n<h4 class=\"wp-block-heading\">\u00bbDia 24 de abril \u00e0s 15:00h \u2013 Discente <strong>TA\u00cdS DOS PASSOS SAGICA,<\/strong> acesse o <a href=\"https:\/\/propesp.uepa.br\/ppgenf\/wp-content\/uploads\/2025\/04\/CONVITE_DEFESA-TAIS-SAGICA.png\"><strong>CONVITE<\/strong><\/a><\/h4>\n\n\n\n<h4 class=\"wp-block-heading\">\u00bbDia 25 de abril \u00e0s 9:00h \u2013 Discente <strong>ANA RICELLY PEREIRA DE OLIVEIRA,<\/strong> acesse o <a href=\"https:\/\/propesp.uepa.br\/ppgenf\/wp-content\/uploads\/2025\/04\/CONVITE_DEFESA-ANA-RICELY.png\"><strong>CONVITE<\/strong><\/a><\/h4>\n\n\n\n<h4 class=\"wp-block-heading\">\u00bbDia 28 de abril \u00e0s 10:00h \u2013 Discente <strong>JO\u00c3O LUCAS MORAES SOUZA,<\/strong> acesse o <a href=\"https:\/\/propesp.uepa.br\/ppgenf\/wp-content\/uploads\/2025\/04\/CONVITE_JOAO-LUCAS.png\"><strong>CONVITE<\/strong><\/a><\/h4>\n\n\n\n<h4 class=\"wp-block-heading\">\u00bbDia 05 de maio \u00e0s 10:00h \u2013 Discente <strong>BEATRIZ DUARTE DE OLIVEIRA,<\/strong> acesse o <a href=\"https:\/\/propesp.uepa.br\/ppgenf\/wp-content\/uploads\/2025\/04\/CONVITE-DEFESA-BEATRIZ.png\"><strong>CONVITE<\/strong><\/a><\/h4>\n\n\n\n<h4 class=\"wp-block-heading\">\u00bbDia 07 de maio \u00e0s 15:00h \u2013 Discente <strong>ELIENE DO SOCORRO DA SILVA SANTOS,<\/strong> acesse o <a href=\"https:\/\/propesp.uepa.br\/ppgenf\/wp-content\/uploads\/2025\/04\/CONVITE-DEFESA-ELIENE.png\"><strong>CONVITE<\/strong><\/a><\/h4>\n\n\n\n<h4 class=\"wp-block-heading\">\u00bbDia 09 de maio \u00e0s 08:30h \u2013 Discente <strong>FERNANDO CONCEI\u00c7\u00c3O LIMA,<\/strong> acesse o <a href=\"https:\/\/propesp.uepa.br\/ppgenf\/wp-content\/uploads\/2025\/04\/CONVITE-DEFESA-FERNANDO.png\"><strong>CONVITE<\/strong><\/a><\/h4>\n\n\n\n<h4 class=\"wp-block-heading\">\u00bbDia 16 de maio \u00e0s 9:00h \u2013 Discente <strong>EMILLY VASCONCELOS GOULART,<\/strong> acesse o <a href=\"https:\/\/propesp.uepa.br\/ppgenf\/wp-content\/uploads\/2025\/05\/CONVITE-DEFESA-EMILLY-GOULART.png\"><strong>CONVITE<\/strong><\/a><\/h4>\n\n\n\n<h4 class=\"wp-block-heading\">\u00bbDia 26 de maio \u00e0s 9:00h \u2013 Discente <strong>KEYLA PEREIRA TIAGO<\/strong> acesse o <strong><a href=\"https:\/\/propesp.uepa.br\/ppgenf\/wp-content\/uploads\/2025\/05\/CONVITE-DEFESA_KEYLA-TIAGO.png\" data-type=\"attachment\" data-id=\"5666\">CONVITE<\/a><\/strong><\/h4>\n\n\n\n<h4 class=\"wp-block-heading\">\u00bbDia 27 de maio \u00e0s 9:00h \u2013 Discente <strong>JESSICA SOARES BARBOSA<\/strong> acesse o <strong><a href=\"https:\/\/propesp.uepa.br\/ppgenf\/wp-content\/uploads\/2025\/05\/CONVITE-DEFESA_JESSICA-BARBOSA.png\" data-type=\"attachment\" data-id=\"5665\">CONVITE<\/a><\/strong><\/h4>\n\n\n\n<h4 class=\"wp-block-heading\">\u00bbDia 30 de maio \u00e0s 15:30h \u2013 Discente <strong>FRANCISCO OCIAN DE ARA\u00daJO JUNIOR<\/strong> acesse o <strong><a href=\"https:\/\/propesp.uepa.br\/ppgenf\/wp-content\/uploads\/2025\/05\/CONVITE-DEFESA-FRANCISCO-OCIAN.png\" data-type=\"attachment\" data-id=\"5690\">CONVITE<\/a><\/strong><\/h4>\n\n\n\n<h4 class=\"wp-block-heading\">\u00bbDia 09 de junho \u00e0s 15:00h \u2013 Discente <strong>ANA BEATRIZ SOUZA E SOUZA<\/strong> acesse o <strong><a href=\"https:\/\/propesp.uepa.br\/ppgenf\/wp-content\/uploads\/2025\/06\/CONVITE-DEFESA-ANA-BEATRIZ.png\" data-type=\"attachment\" data-id=\"5704\">CONVITE<\/a><\/strong><\/h4>\n\n\n\n<h4 class=\"wp-block-heading\">\u00bbDia 10 de junho \u00e0s 15:00h \u2013 Discente <strong>SILVIA MARIA FARIAS DOS SANTOS<\/strong> acesse o <strong><a href=\"https:\/\/propesp.uepa.br\/ppgenf\/wp-content\/uploads\/2025\/06\/CONVITE-DEFESA-SILVIA-FARIAS.png\" data-type=\"attachment\" data-id=\"5703\">CONVITE<\/a><\/strong><\/h4>\n\n\n\n<h4 class=\"wp-block-heading\">\u00bbDia 13 de junho \u00e0s 15:00h \u2013 Discente <strong>JULIANA FARIAS VIEIRA<\/strong> acesse o <strong><a href=\"https:\/\/propesp.uepa.br\/ppgenf\/wp-content\/uploads\/2025\/06\/CONVITE-DEFESA-JULIANA-VIEIRA.png\" data-type=\"attachment\" data-id=\"5702\">CONVITE<\/a><\/strong><\/h4>\n\n\n\n<h4 class=\"wp-block-heading\">\u00bbDia 17 de junho \u00e0s 15:00h \u2013 Discente <strong>GIOVANNA PARAENSE DA SILVA<\/strong> acesse o <strong><a href=\"https:\/\/propesp.uepa.br\/ppgenf\/wp-content\/uploads\/2025\/06\/CONVITE-DEFESA-GIOVANNA.png\" data-type=\"attachment\" data-id=\"5711\">CONVITE<\/a><\/strong><\/h4>\n\n\n\n<h4 class=\"wp-block-heading\">\u00bbDia 24 de junho \u00e0s 15:00h \u2013 Discente <strong>GREICE NARA VIANA DOS SANTOS<\/strong> acesse o <strong><a href=\"https:\/\/propesp.uepa.br\/ppgenf\/wp-content\/uploads\/2025\/06\/CONVITE-DEFESA-GREICE-NARA.png\" data-type=\"attachment\" data-id=\"5722\">CONVITE<\/a><\/strong><\/h4>\n\n\n\n<h4 class=\"wp-block-heading\">\u00bbDia 30 de junho \u00e0s 10:00h \u2013 Discente <strong>CRISLEN DE MELO CONCEI\u00c7\u00c3O<\/strong> acesse o <strong><a href=\"https:\/\/propesp.uepa.br\/ppgenf\/wp-content\/uploads\/2025\/06\/CONVITE-DEFESA-CRISLEN.png\" data-type=\"attachment\" data-id=\"5721\">CONVITE<\/a><\/strong><\/h4>\n\n\n\n<h4 class=\"wp-block-heading\">\u00bbDia 07 de agosto \u00e0s 15:00h \u2013 Discente <strong>ALOMA SENA SOARES<\/strong> acesse o <strong><a href=\"https:\/\/propesp.uepa.br\/ppgenf\/wp-content\/uploads\/2025\/08\/CONVITE-DEFESA_ALOMA.png\" data-type=\"attachment\" data-id=\"5761\">CONVITE<\/a><\/strong><\/h4>\n\n\n\n<h4 class=\"wp-block-heading\">\u00bbDia 22 de agosto \u00e0s 15:00h \u2013 Discente <strong>GUSTAVO ALESSANDRO DE SOUSA PEREIRA<\/strong> acesse o <strong><a href=\"https:\/\/propesp.uepa.br\/ppgenf\/wp-content\/uploads\/2025\/08\/CONVITE-DEFESA-GUSTAVO-ALESSANDRO.png\">CONVITE<\/a><\/strong><\/h4>\n\n\n\n<h4 class=\"wp-block-heading\">\u00bbDia 29 de agosto \u00e0s 16:00h \u2013 Discente <strong>ZALINE DE NAZAR\u00c9 OLIVEIRA DE OLIVEIRA<\/strong> acesse o <strong><a href=\"https:\/\/propesp.uepa.br\/ppgenf\/wp-content\/uploads\/2025\/08\/CONVITE-DEFESA-ZALINE.png\" data-type=\"attachment\" data-id=\"5814\">CONVITE<\/a><\/strong><\/h4>\n\n\n\n<h4 class=\"wp-block-heading\">\u00bbDia 22 de outubro \u00e0s 10:00h \u2013 Discente <strong>ADRIANO PORTUGAL DE OLIVEIRA<\/strong> acesse o <strong><a href=\"https:\/\/propesp.uepa.br\/ppgenf\/wp-content\/uploads\/2025\/10\/CONVITE-DEFESA-ADRIANO-PORTUGAL.jpg\" data-type=\"attachment\" data-id=\"5830\">CONVITE<\/a><\/strong><\/h4>\n\n\n\n<h4 class=\"wp-block-heading\">\u00bbDia 23 de outubro \u00e0s 9:00h \u2013 Discente <strong>TATIANE CARVALHO MORAES FREIRE<\/strong> acesse o <strong><a href=\"https:\/\/propesp.uepa.br\/ppgenf\/wp-content\/uploads\/2025\/10\/CONVITE-DEFESA-TATIANE-FREIRE.jpg\" data-type=\"attachment\" data-id=\"5833\">CONVITE<\/a><\/strong><\/h4>\n\n\n\n<h4 class=\"wp-block-heading\">\u00bbDia 24 de outubro \u00e0s 9:00h \u2013 Discente <strong>JULIANA ROS\u00c1RIO DE MORAES<\/strong> acesse o <strong><a href=\"https:\/\/propesp.uepa.br\/ppgenf\/wp-content\/uploads\/2025\/10\/CONVITE-DEFESA-JULIANA.jpg\" data-type=\"attachment\" data-id=\"5836\">CONVITE<\/a><\/strong><\/h4>\n\n\n\n<h4 class=\"wp-block-heading\">\u00bbDia 31 de outubro \u00e0s 10:00h \u2013 Discente <strong>ADRIANA BORGES MELO<\/strong> acesse o <strong><a href=\"https:\/\/propesp.uepa.br\/ppgenf\/wp-content\/uploads\/2025\/10\/CONVITE-DEFESA-ADRIANA-MELO.jpg\" data-type=\"attachment\" data-id=\"5842\">CONVITE<\/a><\/strong><\/h4>\n\n\n\n<h4 class=\"wp-block-heading\">\u00bbDia 31 de outubro \u00e0s 10:00h \u2013 Discente <strong>ANA KAROLINA OLIVEIRA DOS SANTOS AGUIAR<\/strong> acesse o <strong><a href=\"https:\/\/propesp.uepa.br\/ppgenf\/wp-content\/uploads\/2025\/10\/CONVITE-DEFESA-ANA-KAROLINA.jpg\" data-type=\"attachment\" data-id=\"5843\">CONVITE<\/a><\/strong><\/h4>\n\n\n\n<h4 class=\"wp-block-heading\">\u00bbDia 30 de janeiro\/2026 \u00e0s 10:00h \u2013 Discente <strong>JESSICA DE SOUZA CHAVES<\/strong> acesse o <strong><a href=\"https:\/\/propesp.uepa.br\/ppgenf\/wp-content\/uploads\/2026\/01\/CONVITE-DEFESA-JESSICA-CHAVES.png\" data-type=\"attachment\" data-id=\"5968\">CONVITE<\/a><\/strong><\/h4>\n","protected":false},"excerpt":{"rendered":"<p>O Programa de P\u00f3s-Gradua\u00e7\u00e3o em Enfermagem torna p\u00fablico as Defesas de Disserta\u00e7\u00e3o dos P\u00f3s-Graduandos da Turma \u2013 2023 \u00bbDia 10 de abril \u00e0s 9:00h \u2013 Discente DANIELE MESQUITA BATISTA, acesse o CONVITE \u00bbDia 22 de abril \u00e0s 9:00h \u2013 Discente PAMELA FARIAS SANTOS, acesse o CONVITE \u00bbDia 24 de abril \u00e0s 15:00h \u2013 Discente PAULA &hellip;<\/p>\n<p class=\"read-more\"> <a class=\"\" href=\"https:\/\/propesp.uepa.br\/ppgenf\/index.php\/defesas-tuma-2023\/\"> <span class=\"screen-reader-text\">Defesas (Mestrado) &#8211; Tuma 2023<\/span> Leia mais &raquo;<\/a><\/p>\n","protected":false},"author":2,"featured_media":0,"comment_status":"open","ping_status":"open","sticky":false,"template":"","format":"standard","meta":{"_uag_custom_page_level_css":"","site-sidebar-layout":"default","site-content-layout":"","ast-site-content-layout":"default","site-content-style":"default","site-sidebar-style":"default","ast-global-header-display":"","ast-banner-title-visibility":"","ast-main-header-display":"","ast-hfb-above-header-display":"","ast-hfb-below-header-display":"","ast-hfb-mobile-header-display":"","site-post-title":"","ast-breadcrumbs-content":"","ast-featured-img":"","footer-sml-layout":"","theme-transparent-header-meta":"","adv-header-id-meta":"","stick-header-meta":"","header-above-stick-meta":"","header-main-stick-meta":"","header-below-stick-meta":"","astra-migrate-meta-layouts":"set","ast-page-background-enabled":"default","ast-page-background-meta":{"desktop":{"background-color":"","background-image":"","background-repeat":"repeat","background-position":"center center","background-size":"auto","background-attachment":"scroll","background-type":"","background-media":"","overlay-type":"","overlay-color":"","overlay-gradient":""},"tablet":{"background-color":"","background-image":"","background-repeat":"repeat","background-position":"center center","background-size":"auto","background-attachment":"scroll","background-type":"","background-media":"","overlay-type":"","overlay-color":"","overlay-gradient":""},"mobile":{"background-color":"","background-image":"","background-repeat":"repeat","background-position":"center center","background-size":"auto","background-attachment":"scroll","background-type":"","background-media":"","overlay-type":"","overlay-color":"","overlay-gradient":""}},"ast-content-background-meta":{"desktop":{"background-color":"var(--ast-global-color-5)","background-image":"","background-repeat":"repeat","background-position":"center center","background-size":"auto","background-attachment":"scroll","background-type":"","background-media":"","overlay-type":"","overlay-color":"","overlay-gradient":""},"tablet":{"background-color":"var(--ast-global-color-5)","background-image":"","background-repeat":"repeat","background-position":"center center","background-size":"auto","background-attachment":"scroll","background-type":"","background-media":"","overlay-type":"","overlay-color":"","overlay-gradient":""},"mobile":{"background-color":"var(--ast-global-color-5)","background-image":"","background-repeat":"repeat","background-position":"center center","background-size":"auto","background-attachment":"scroll","background-type":"","background-media":"","overlay-type":"","overlay-color":"","overlay-gradient":""}},"footnotes":""},"categories":[1],"tags":[],"uagb_featured_image_src":{"full":false,"thumbnail":false,"medium":false,"medium_large":false,"large":false,"1536x1536":false,"2048x2048":false},"uagb_author_info":{"display_name":"nelma.ramos@uepa.br","author_link":"https:\/\/propesp.uepa.br\/ppgenf\/index.php\/author\/nelma-ramosuepa-br\/"},"uagb_comment_info":0,"uagb_excerpt":"O Programa de P\u00f3s-Gradua\u00e7\u00e3o em Enfermagem torna p\u00fablico as Defesas de Disserta\u00e7\u00e3o dos P\u00f3s-Graduandos da Turma \u2013 2023 \u00bbDia 10 de abril \u00e0s 9:00h \u2013 Discente DANIELE MESQUITA BATISTA, acesse o CONVITE \u00bbDia 22 de abril \u00e0s 9:00h \u2013 Discente PAMELA FARIAS SANTOS, acesse o CONVITE \u00bbDia 24 de abril \u00e0s 15:00h \u2013 Discente PAULA&hellip;","_links":{"self":[{"href":"https:\/\/propesp.uepa.br\/ppgenf\/index.php\/wp-json\/wp\/v2\/posts\/5542"}],"collection":[{"href":"https:\/\/propesp.uepa.br\/ppgenf\/index.php\/wp-json\/wp\/v2\/posts"}],"about":[{"href":"https:\/\/propesp.uepa.br\/ppgenf\/index.php\/wp-json\/wp\/v2\/types\/post"}],"author":[{"embeddable":true,"href":"https:\/\/propesp.uepa.br\/ppgenf\/index.php\/wp-json\/wp\/v2\/users\/2"}],"replies":[{"embeddable":true,"href":"https:\/\/propesp.uepa.br\/ppgenf\/index.php\/wp-json\/wp\/v2\/comments?post=5542"}],"version-history":[{"count":22,"href":"https:\/\/propesp.uepa.br\/ppgenf\/index.php\/wp-json\/wp\/v2\/posts\/5542\/revisions"}],"predecessor-version":[{"id":6075,"href":"https:\/\/propesp.uepa.br\/ppgenf\/index.php\/wp-json\/wp\/v2\/posts\/5542\/revisions\/6075"}],"wp:attachment":[{"href":"https:\/\/propesp.uepa.br\/ppgenf\/index.php\/wp-json\/wp\/v2\/media?parent=5542"}],"wp:term":[{"taxonomy":"category","embeddable":true,"href":"https:\/\/propesp.uepa.br\/ppgenf\/index.php\/wp-json\/wp\/v2\/categories?post=5542"},{"taxonomy":"post_tag","embeddable":true,"href":"https:\/\/propesp.uepa.br\/ppgenf\/index.php\/wp-json\/wp\/v2\/tags?post=5542"}],"curies":[{"name":"wp","href":"https:\/\/api.w.org\/{rel}","templated":true}]}}