{"id":5840,"date":"2025-10-22T11:31:38","date_gmt":"2025-10-22T14:31:38","guid":{"rendered":"https:\/\/propesp.uepa.br\/ppgenf\/?p=5840"},"modified":"2026-04-23T14:28:37","modified_gmt":"2026-04-23T17:28:37","slug":"defesas-turma-2024","status":"publish","type":"post","link":"https:\/\/propesp.uepa.br\/ppgenf\/index.php\/defesas-turma-2024\/","title":{"rendered":"Defesas (Mestrado) &#8211; Turma 2024"},"content":{"rendered":"\n<p class=\"has-text-align-center has-medium-font-size\"><strong>O Programa de P\u00f3s-Gradua\u00e7\u00e3o em Enfermagem torna p\u00fablico as Defesas de Disserta\u00e7\u00e3o dos P\u00f3s-Graduandos da Turma \u2013 202<\/strong>4<\/p>\n\n\n\n<p class=\"has-text-align-center has-medium-font-size\">Dia 29 de outubro\/2025 \u00e0s 14:00h \u2013 Discente&nbsp;<strong>FELIPE COSTA SOARES,<\/strong>&nbsp;acesse o&nbsp;<strong><a href=\"https:\/\/propesp.uepa.br\/ppgenf\/wp-content\/uploads\/2025\/10\/CONVITE-DEFESA-FELIPE-1.jpg\">CONVITE<\/a><\/strong><\/p>\n\n\n\n<p class=\"has-text-align-center has-medium-font-size\">Dia 26 de novembro\/2025 \u00e0s 09:00h \u2013 Discente&nbsp;<strong>MILENA BEATRIZ DE SOUSA SANTOS,<\/strong>&nbsp;acesse o&nbsp;<strong><a href=\"https:\/\/propesp.uepa.br\/ppgenf\/wp-content\/uploads\/2025\/11\/CONVITE-DEFESA-MILENA.jpg\" data-type=\"attachment\" data-id=\"5874\">CONVITE<\/a><\/strong><\/p>\n\n\n\n<p class=\"has-text-align-center has-medium-font-size\">Dia 26 de janeiro\/2026 \u00e0s 15:00h \u2013 Discente&nbsp;<strong>LEANNA SILVA AQUINO,<\/strong>&nbsp;acesse o&nbsp;<strong><a href=\"https:\/\/propesp.uepa.br\/ppgenf\/wp-content\/uploads\/2026\/01\/CONVITE-DEFESA-LEANNA-AQUINO-1.png\" data-type=\"attachment\" data-id=\"5896\">CONVITE<\/a><\/strong><\/p>\n\n\n\n<p class=\"has-text-align-center has-medium-font-size\">Dia 02 de mar\u00e7o\/2026 \u00e0s 15:00h \u2013 Discente&nbsp;<strong>ANTONIA REGIANE PEREIRA DUARTE VALENTE,<\/strong>&nbsp;acesse o&nbsp;<strong><a href=\"https:\/\/propesp.uepa.br\/ppgenf\/wp-content\/uploads\/2026\/02\/CONVITE-DEFESA-ANTONIA-REGIANE.png\">CONVITE<\/a><\/strong><\/p>\n\n\n\n<p class=\"has-text-align-center has-medium-font-size\">Dia 07 de abril\/2026 \u00e0s 15:30h \u2013 Discente&nbsp;<strong>KALENE RAMOS SILVA,<\/strong>&nbsp;acesse o&nbsp;<strong><a href=\"https:\/\/propesp.uepa.br\/ppgenf\/wp-content\/uploads\/2026\/04\/CONVITE-DEFESA-KALENE-SILVA.png\" data-type=\"attachment\" data-id=\"6540\">CONVITE<\/a><\/strong><\/p>\n\n\n\n<p class=\"has-text-align-center has-medium-font-size\">Dia 08 de abril\/2026 \u00e0s 10:00h \u2013 Discente&nbsp;<strong>FABRICIO OLIVEIRA PACHECO,<\/strong>&nbsp;acesse o&nbsp;<strong><a href=\"https:\/\/propesp.uepa.br\/ppgenf\/wp-content\/uploads\/2026\/04\/CONVITE-DEFESA-FABRICIO.png\" data-type=\"attachment\" data-id=\"6542\">CONVITE<\/a><\/strong><\/p>\n\n\n\n<p class=\"has-text-align-center has-medium-font-size\">Dia 29 de abril\/2026 \u00e0s 09:00h \u2013 Discente\u00a0<strong>ITAMARA RODRIGUES MOURA,<\/strong>\u00a0acesse o\u00a0<strong><a href=\"https:\/\/propesp.uepa.br\/ppgenf\/wp-content\/uploads\/2026\/04\/CONVITE-DEFESA-ITAMARA-MOURA-2.png\" data-type=\"attachment\" data-id=\"6556\">CONVITE<\/a><\/strong><\/p>\n\n\n\n<p class=\"has-text-align-center has-medium-font-size\">Dia 30 de abril\/2026 \u00e0s 14:00h \u2013 Discente\u00a0<strong>RAQUEL GOMES DA SILVA,<\/strong>\u00a0acesse o\u00a0<strong><a href=\"https:\/\/propesp.uepa.br\/ppgenf\/wp-content\/uploads\/2026\/04\/CONVITE-DEFESA-RAQUEL-GOMES.png\" data-type=\"attachment\" data-id=\"6557\">CONVITE<\/a><\/strong><\/p>\n","protected":false},"excerpt":{"rendered":"<p>O Programa de P\u00f3s-Gradua\u00e7\u00e3o em Enfermagem torna p\u00fablico as Defesas de Disserta\u00e7\u00e3o dos P\u00f3s-Graduandos da Turma \u2013 2024 Dia 29 de outubro\/2025 \u00e0s 14:00h \u2013 Discente&nbsp;FELIPE COSTA SOARES,&nbsp;acesse o&nbsp;CONVITE Dia 26 de novembro\/2025 \u00e0s 09:00h \u2013 Discente&nbsp;MILENA BEATRIZ DE SOUSA SANTOS,&nbsp;acesse o&nbsp;CONVITE Dia 26 de janeiro\/2026 \u00e0s 15:00h \u2013 Discente&nbsp;LEANNA SILVA AQUINO,&nbsp;acesse o&nbsp;CONVITE Dia 02 &hellip;<\/p>\n<p class=\"read-more\"> <a class=\"\" href=\"https:\/\/propesp.uepa.br\/ppgenf\/index.php\/defesas-turma-2024\/\"> <span class=\"screen-reader-text\">Defesas (Mestrado) &#8211; Turma 2024<\/span> Leia mais &raquo;<\/a><\/p>\n","protected":false},"author":2,"featured_media":0,"comment_status":"open","ping_status":"open","sticky":false,"template":"","format":"standard","meta":{"_uag_custom_page_level_css":"","site-sidebar-layout":"default","site-content-layout":"","ast-site-content-layout":"default","site-content-style":"default","site-sidebar-style":"default","ast-global-header-display":"","ast-banner-title-visibility":"","ast-main-header-display":"","ast-hfb-above-header-display":"","ast-hfb-below-header-display":"","ast-hfb-mobile-header-display":"","site-post-title":"","ast-breadcrumbs-content":"","ast-featured-img":"","footer-sml-layout":"","theme-transparent-header-meta":"","adv-header-id-meta":"","stick-header-meta":"","header-above-stick-meta":"","header-main-stick-meta":"","header-below-stick-meta":"","astra-migrate-meta-layouts":"set","ast-page-background-enabled":"default","ast-page-background-meta":{"desktop":{"background-color":"","background-image":"","background-repeat":"repeat","background-position":"center center","background-size":"auto","background-attachment":"scroll","background-type":"","background-media":"","overlay-type":"","overlay-color":"","overlay-gradient":""},"tablet":{"background-color":"","background-image":"","background-repeat":"repeat","background-position":"center center","background-size":"auto","background-attachment":"scroll","background-type":"","background-media":"","overlay-type":"","overlay-color":"","overlay-gradient":""},"mobile":{"background-color":"","background-image":"","background-repeat":"repeat","background-position":"center center","background-size":"auto","background-attachment":"scroll","background-type":"","background-media":"","overlay-type":"","overlay-color":"","overlay-gradient":""}},"ast-content-background-meta":{"desktop":{"background-color":"var(--ast-global-color-5)","background-image":"","background-repeat":"repeat","background-position":"center center","background-size":"auto","background-attachment":"scroll","background-type":"","background-media":"","overlay-type":"","overlay-color":"","overlay-gradient":""},"tablet":{"background-color":"var(--ast-global-color-5)","background-image":"","background-repeat":"repeat","background-position":"center center","background-size":"auto","background-attachment":"scroll","background-type":"","background-media":"","overlay-type":"","overlay-color":"","overlay-gradient":""},"mobile":{"background-color":"var(--ast-global-color-5)","background-image":"","background-repeat":"repeat","background-position":"center center","background-size":"auto","background-attachment":"scroll","background-type":"","background-media":"","overlay-type":"","overlay-color":"","overlay-gradient":""}},"footnotes":""},"categories":[1],"tags":[],"uagb_featured_image_src":{"full":false,"thumbnail":false,"medium":false,"medium_large":false,"large":false,"1536x1536":false,"2048x2048":false},"uagb_author_info":{"display_name":"nelma.ramos@uepa.br","author_link":"https:\/\/propesp.uepa.br\/ppgenf\/index.php\/author\/nelma-ramosuepa-br\/"},"uagb_comment_info":1,"uagb_excerpt":"O Programa de P\u00f3s-Gradua\u00e7\u00e3o em Enfermagem torna p\u00fablico as Defesas de Disserta\u00e7\u00e3o dos P\u00f3s-Graduandos da Turma \u2013 2024 Dia 29 de outubro\/2025 \u00e0s 14:00h \u2013 Discente&nbsp;FELIPE COSTA SOARES,&nbsp;acesse o&nbsp;CONVITE Dia 26 de novembro\/2025 \u00e0s 09:00h \u2013 Discente&nbsp;MILENA BEATRIZ DE SOUSA SANTOS,&nbsp;acesse o&nbsp;CONVITE Dia 26 de janeiro\/2026 \u00e0s 15:00h \u2013 Discente&nbsp;LEANNA SILVA AQUINO,&nbsp;acesse o&nbsp;CONVITE Dia 02&hellip;","_links":{"self":[{"href":"https:\/\/propesp.uepa.br\/ppgenf\/index.php\/wp-json\/wp\/v2\/posts\/5840"}],"collection":[{"href":"https:\/\/propesp.uepa.br\/ppgenf\/index.php\/wp-json\/wp\/v2\/posts"}],"about":[{"href":"https:\/\/propesp.uepa.br\/ppgenf\/index.php\/wp-json\/wp\/v2\/types\/post"}],"author":[{"embeddable":true,"href":"https:\/\/propesp.uepa.br\/ppgenf\/index.php\/wp-json\/wp\/v2\/users\/2"}],"replies":[{"embeddable":true,"href":"https:\/\/propesp.uepa.br\/ppgenf\/index.php\/wp-json\/wp\/v2\/comments?post=5840"}],"version-history":[{"count":13,"href":"https:\/\/propesp.uepa.br\/ppgenf\/index.php\/wp-json\/wp\/v2\/posts\/5840\/revisions"}],"predecessor-version":[{"id":6562,"href":"https:\/\/propesp.uepa.br\/ppgenf\/index.php\/wp-json\/wp\/v2\/posts\/5840\/revisions\/6562"}],"wp:attachment":[{"href":"https:\/\/propesp.uepa.br\/ppgenf\/index.php\/wp-json\/wp\/v2\/media?parent=5840"}],"wp:term":[{"taxonomy":"category","embeddable":true,"href":"https:\/\/propesp.uepa.br\/ppgenf\/index.php\/wp-json\/wp\/v2\/categories?post=5840"},{"taxonomy":"post_tag","embeddable":true,"href":"https:\/\/propesp.uepa.br\/ppgenf\/index.php\/wp-json\/wp\/v2\/tags?post=5840"}],"curies":[{"name":"wp","href":"https:\/\/api.w.org\/{rel}","templated":true}]}}