{"id":5851,"date":"2025-10-30T17:54:38","date_gmt":"2025-10-30T20:54:38","guid":{"rendered":"https:\/\/propesp.uepa.br\/ppgenf\/?p=5851"},"modified":"2026-03-17T11:35:27","modified_gmt":"2026-03-17T14:35:27","slug":"sessoes-de-qualificacao-projetos-de-tese-de-doutorado-em-enfermagem-turma-2024","status":"publish","type":"post","link":"https:\/\/propesp.uepa.br\/ppgenf\/index.php\/sessoes-de-qualificacao-projetos-de-tese-de-doutorado-em-enfermagem-turma-2024\/","title":{"rendered":"Qualifica\u00e7\u00f5es (Doutorado) &#8211; Turma 2024"},"content":{"rendered":"\n<p class=\"has-text-align-center has-medium-font-size\"><strong>O Programa de P\u00f3s-Gradua\u00e7\u00e3o em Enfermagem torna p\u00fablico as Qualifica\u00e7\u00f5es de Projetos de Tese de Doutorado em Enfermagem dos P\u00f3s-Graduandos da Turma \u2013 2024<\/strong><\/p>\n\n\n\n<p class=\"has-text-align-center has-medium-font-size\">Dia 03 de novembro \u00e0s 14:00h \u2013 Discente&nbsp;<strong>NEIVA JOS\u00c9 DA LUZ DIAS JUNIOR<\/strong>, acesse o&nbsp;<strong><a href=\"https:\/\/propesp.uepa.br\/ppgenf\/wp-content\/uploads\/2025\/10\/CONVITE-QUALIFICACAO-NEIVA-JUNIOR.jpg\" data-type=\"attachment\" data-id=\"5849\">CONVITE<\/a><\/strong><\/p>\n\n\n\n<p class=\"has-text-align-center has-medium-font-size\">Dia 04 de novembro \u00e0s 9:00h \u2013 Discente&nbsp;<strong>GISELE MARIA CARDOSO DA SILVA<\/strong>, acesse o&nbsp;<strong><a href=\"https:\/\/propesp.uepa.br\/ppgenf\/wp-content\/uploads\/2025\/10\/CONVITE-QUALIFICACAO-GISELE-SILVA.png\" data-type=\"attachment\" data-id=\"5850\">CONVITE<\/a><\/strong><\/p>\n\n\n\n<p class=\"has-text-align-center has-medium-font-size\">Dia 02 de dezembro \u00e0s 9:00h \u2013 Discente&nbsp;<strong>LUCRECIA ALINE CABRAL FORMIGOSA<\/strong>, acesse o&nbsp;<strong><a href=\"https:\/\/propesp.uepa.br\/ppgenf\/wp-content\/uploads\/2025\/11\/CONVITE-QUALIFICACAO-LUCRECIA.png\" data-type=\"attachment\" data-id=\"5873\">CONVITE<\/a><\/strong><\/p>\n\n\n\n<p class=\"has-text-align-center has-medium-font-size\">Dia 18 de dezembro \u00e0s 15:00h \u2013 Discente&nbsp;<strong>ERLON GABRIEL REGO DE ANDRADE<\/strong>, acesse o&nbsp;<strong><a href=\"https:\/\/propesp.uepa.br\/ppgenf\/wp-content\/uploads\/2025\/12\/CONVITE-QUALIFICACAO-ERLON-REGO-1.png\">CONVITE<\/a><\/strong><\/p>\n\n\n\n<p class=\"has-text-align-center has-medium-font-size\">Dia 02 de fevereiro\/2026 \u00e0s 09:00h \u2013 Discente&nbsp;<strong>MARCIO YROCHY SALDANHA DOS SANTOS<\/strong>, acesse o&nbsp;<strong><a href=\"https:\/\/propesp.uepa.br\/ppgenf\/wp-content\/uploads\/2026\/02\/CONVITE-QUALIFICACAO-MARCIO-SANTOS.png\">CONVITE<\/a><\/strong><\/p>\n\n\n\n<p class=\"has-text-align-center has-medium-font-size\">Dia 04 de mar\u00e7o\/2026 \u00e0s 16:00h \u2013 Discente&nbsp;<strong>ALEXANDRE AGUIAR PEREIRA<\/strong>, acesse o&nbsp;<strong><a href=\"https:\/\/propesp.uepa.br\/ppgenf\/wp-content\/uploads\/2026\/02\/CONVITE-QUALIFICACAO-ALEXANDRE.png\">CONVITE<\/a><\/strong><\/p>\n\n\n\n<p class=\"has-text-align-center has-medium-font-size\">Dia 24 de mar\u00e7o\/2026 \u00e0s 15:00h \u2013 Discente\u00a0<strong>CAMILLA CRISTINA LISBOA NASCIMENTO MENEZES<\/strong>, acesse o\u00a0<strong><a href=\"http:\/\/CONVITE - QUALIFICA\u00c7\u00c3O - CAMILLA\">CONVITE<\/a><\/strong><\/p>\n\n\n\n<p class=\"has-text-align-center has-medium-font-size\">Dia 25 de mar\u00e7o\/2026 \u00e0s 15:00h \u2013 Discente\u00a0<strong>GRACILEIDE MAIS CORR\u00caA<\/strong>, acesse o\u00a0<strong><a href=\"https:\/\/propesp.uepa.br\/ppgenf\/wp-content\/uploads\/2026\/03\/CONVITE-QUALIFICACAO-GRACILEIDE-MAIA.png\" data-type=\"attachment\" data-id=\"6494\">CONVITE<\/a><\/strong><\/p>\n\n\n\n<p class=\"has-text-align-center has-medium-font-size\">Dia 27 de mar\u00e7o\/2026 \u00e0s 9:00h \u2013 Discente\u00a0<strong>JANICE DE MATOS FRAZ\u00c3O<\/strong>, acesse o\u00a0<strong><a href=\"http:\/\/CONVITE - QUALIFICA\u00c7\u00c3O - JANICE\">CONVITE<\/a><\/strong><\/p>\n","protected":false},"excerpt":{"rendered":"<p>O Programa de P\u00f3s-Gradua\u00e7\u00e3o em Enfermagem torna p\u00fablico as Qualifica\u00e7\u00f5es de Projetos de Tese de Doutorado em Enfermagem dos P\u00f3s-Graduandos da Turma \u2013 2024 Dia 03 de novembro \u00e0s 14:00h \u2013 Discente&nbsp;NEIVA JOS\u00c9 DA LUZ DIAS JUNIOR, acesse o&nbsp;CONVITE Dia 04 de novembro \u00e0s 9:00h \u2013 Discente&nbsp;GISELE MARIA CARDOSO DA SILVA, acesse o&nbsp;CONVITE Dia 02 &hellip;<\/p>\n<p class=\"read-more\"> <a class=\"\" href=\"https:\/\/propesp.uepa.br\/ppgenf\/index.php\/sessoes-de-qualificacao-projetos-de-tese-de-doutorado-em-enfermagem-turma-2024\/\"> <span class=\"screen-reader-text\">Qualifica\u00e7\u00f5es (Doutorado) &#8211; Turma 2024<\/span> Leia mais &raquo;<\/a><\/p>\n","protected":false},"author":2,"featured_media":0,"comment_status":"open","ping_status":"open","sticky":false,"template":"","format":"standard","meta":{"_uag_custom_page_level_css":"","site-sidebar-layout":"default","site-content-layout":"","ast-site-content-layout":"default","site-content-style":"default","site-sidebar-style":"default","ast-global-header-display":"","ast-banner-title-visibility":"","ast-main-header-display":"","ast-hfb-above-header-display":"","ast-hfb-below-header-display":"","ast-hfb-mobile-header-display":"","site-post-title":"","ast-breadcrumbs-content":"","ast-featured-img":"","footer-sml-layout":"","theme-transparent-header-meta":"","adv-header-id-meta":"","stick-header-meta":"","header-above-stick-meta":"","header-main-stick-meta":"","header-below-stick-meta":"","astra-migrate-meta-layouts":"set","ast-page-background-enabled":"default","ast-page-background-meta":{"desktop":{"background-color":"","background-image":"","background-repeat":"repeat","background-position":"center center","background-size":"auto","background-attachment":"scroll","background-type":"","background-media":"","overlay-type":"","overlay-color":"","overlay-gradient":""},"tablet":{"background-color":"","background-image":"","background-repeat":"repeat","background-position":"center center","background-size":"auto","background-attachment":"scroll","background-type":"","background-media":"","overlay-type":"","overlay-color":"","overlay-gradient":""},"mobile":{"background-color":"","background-image":"","background-repeat":"repeat","background-position":"center center","background-size":"auto","background-attachment":"scroll","background-type":"","background-media":"","overlay-type":"","overlay-color":"","overlay-gradient":""}},"ast-content-background-meta":{"desktop":{"background-color":"var(--ast-global-color-5)","background-image":"","background-repeat":"repeat","background-position":"center center","background-size":"auto","background-attachment":"scroll","background-type":"","background-media":"","overlay-type":"","overlay-color":"","overlay-gradient":""},"tablet":{"background-color":"var(--ast-global-color-5)","background-image":"","background-repeat":"repeat","background-position":"center center","background-size":"auto","background-attachment":"scroll","background-type":"","background-media":"","overlay-type":"","overlay-color":"","overlay-gradient":""},"mobile":{"background-color":"var(--ast-global-color-5)","background-image":"","background-repeat":"repeat","background-position":"center center","background-size":"auto","background-attachment":"scroll","background-type":"","background-media":"","overlay-type":"","overlay-color":"","overlay-gradient":""}},"footnotes":""},"categories":[1],"tags":[],"uagb_featured_image_src":{"full":false,"thumbnail":false,"medium":false,"medium_large":false,"large":false,"1536x1536":false,"2048x2048":false},"uagb_author_info":{"display_name":"nelma.ramos@uepa.br","author_link":"https:\/\/propesp.uepa.br\/ppgenf\/index.php\/author\/nelma-ramosuepa-br\/"},"uagb_comment_info":0,"uagb_excerpt":"O Programa de P\u00f3s-Gradua\u00e7\u00e3o em Enfermagem torna p\u00fablico as Qualifica\u00e7\u00f5es de Projetos de Tese de Doutorado em Enfermagem dos P\u00f3s-Graduandos da Turma \u2013 2024 Dia 03 de novembro \u00e0s 14:00h \u2013 Discente&nbsp;NEIVA JOS\u00c9 DA LUZ DIAS JUNIOR, acesse o&nbsp;CONVITE Dia 04 de novembro \u00e0s 9:00h \u2013 Discente&nbsp;GISELE MARIA CARDOSO DA SILVA, acesse o&nbsp;CONVITE Dia 02&hellip;","_links":{"self":[{"href":"https:\/\/propesp.uepa.br\/ppgenf\/index.php\/wp-json\/wp\/v2\/posts\/5851"}],"collection":[{"href":"https:\/\/propesp.uepa.br\/ppgenf\/index.php\/wp-json\/wp\/v2\/posts"}],"about":[{"href":"https:\/\/propesp.uepa.br\/ppgenf\/index.php\/wp-json\/wp\/v2\/types\/post"}],"author":[{"embeddable":true,"href":"https:\/\/propesp.uepa.br\/ppgenf\/index.php\/wp-json\/wp\/v2\/users\/2"}],"replies":[{"embeddable":true,"href":"https:\/\/propesp.uepa.br\/ppgenf\/index.php\/wp-json\/wp\/v2\/comments?post=5851"}],"version-history":[{"count":12,"href":"https:\/\/propesp.uepa.br\/ppgenf\/index.php\/wp-json\/wp\/v2\/posts\/5851\/revisions"}],"predecessor-version":[{"id":6497,"href":"https:\/\/propesp.uepa.br\/ppgenf\/index.php\/wp-json\/wp\/v2\/posts\/5851\/revisions\/6497"}],"wp:attachment":[{"href":"https:\/\/propesp.uepa.br\/ppgenf\/index.php\/wp-json\/wp\/v2\/media?parent=5851"}],"wp:term":[{"taxonomy":"category","embeddable":true,"href":"https:\/\/propesp.uepa.br\/ppgenf\/index.php\/wp-json\/wp\/v2\/categories?post=5851"},{"taxonomy":"post_tag","embeddable":true,"href":"https:\/\/propesp.uepa.br\/ppgenf\/index.php\/wp-json\/wp\/v2\/tags?post=5851"}],"curies":[{"name":"wp","href":"https:\/\/api.w.org\/{rel}","templated":true}]}}