{"id":5894,"date":"2026-01-12T11:07:59","date_gmt":"2026-01-12T14:07:59","guid":{"rendered":"https:\/\/propesp.uepa.br\/ppgenf\/?p=5894"},"modified":"2026-04-24T10:26:07","modified_gmt":"2026-04-24T13:26:07","slug":"qualificacoes-turma-2025","status":"publish","type":"post","link":"https:\/\/propesp.uepa.br\/ppgenf\/index.php\/qualificacoes-turma-2025\/","title":{"rendered":"Qualifica\u00e7\u00f5es (Mestrado) &#8211; Turma 2025"},"content":{"rendered":"\n<p class=\"has-text-align-center has-medium-font-size\"><strong>O Programa de P\u00f3s-Gradua\u00e7\u00e3o em Enfermagem torna p\u00fablico as Qualifica\u00e7\u00f5es de Projetos de Disserta\u00e7\u00f5es de Mestrado em Enfermagem dos P\u00f3s-Graduandos da Turma \u2013 2025<\/strong><\/p>\n\n\n\n<p class=\"has-medium-font-size\">Dia 27 de janeiro\/2026 \u00e0s 14:00h \u2013 Discente&nbsp;<strong>EDNALDO PEREIRA MARANH\u00c3O<\/strong>, acesse o&nbsp;<strong><a href=\"https:\/\/propesp.uepa.br\/ppgenf\/wp-content\/uploads\/2026\/01\/CONVITE-QUALIFICACAO-EDNALDO-MARANHAO.png\" data-type=\"attachment\" data-id=\"5890\">CONVITE<\/a><\/strong><\/p>\n\n\n\n<p class=\"has-medium-font-size\">Dia 24 de fevereiro\/2026 \u00e0s 14:00h \u2013 Discente&nbsp;<strong>ELLEN MARA FERNANDES DA SILVA<\/strong>, acesse o&nbsp;<strong><a href=\"https:\/\/propesp.uepa.br\/ppgenf\/wp-content\/uploads\/2026\/02\/CONVITE-QUALIFICACAO-ELLEN-MARA.png\" data-type=\"attachment\" data-id=\"6302\">CONVITE<\/a><\/strong><\/p>\n\n\n\n<p class=\"has-medium-font-size\">Dia 26 de janeiro\/2026 \u00e0s 15:00h \u2013 Discente&nbsp;<strong>EVELIN LORENA SOUSA DO ESPIRITO SANTO<\/strong>, acesse o&nbsp;<strong><a href=\"https:\/\/propesp.uepa.br\/ppgenf\/wp-content\/uploads\/2026\/02\/CONVITE-QUALIFICACAO-EVELIN-LORENA.png\" data-type=\"attachment\" data-id=\"6301\">CONVITE<\/a><\/strong><\/p>\n\n\n\n<p class=\"has-medium-font-size\">Dia 23 de mar\u00e7o\/2026 \u00e0s 9:00h \u2013 Discente&nbsp;<strong>LARISSA RENATA BITTENCOURT PANTOJA<\/strong>, acesse o&nbsp;<strong><a href=\"https:\/\/propesp.uepa.br\/ppgenf\/wp-content\/uploads\/2026\/03\/CONVITE-QUALIFICACAO-LARISSA-PANTOJA.png\" data-type=\"attachment\" data-id=\"6490\">CONVITE<\/a><\/strong><\/p>\n\n\n\n<p class=\"has-medium-font-size\">Dia 23 de mar\u00e7o\/2026 \u00e0s 15:00h \u2013 Discente&nbsp;<strong>THAIS SCERNI ANTUNES<\/strong>, acesse o&nbsp;<strong><a href=\"https:\/\/propesp.uepa.br\/ppgenf\/wp-content\/uploads\/2026\/03\/CONVITE-QUALIFICACAO-THAIS-ANTUNES.png\" data-type=\"attachment\" data-id=\"6489\">CONVITE<\/a><\/strong><\/p>\n\n\n\n<p class=\"has-medium-font-size\">Dia 26 de mar\u00e7o\/2026 \u00e0s 9:00h \u2013 Discente&nbsp;<strong>LUCIN\u00c9IA FERREIRA FERREIRA<\/strong>, acesse o&nbsp;<strong><a href=\"https:\/\/propesp.uepa.br\/ppgenf\/wp-content\/uploads\/2026\/03\/CONVITE-QUALIFICACAO-LUCINEIA-FERREIRA.png\" data-type=\"attachment\" data-id=\"6488\">CONVITE<\/a><\/strong><\/p>\n\n\n\n<p class=\"has-medium-font-size\">Dia 30 de mar\u00e7o\/2026 \u00e0s 15:00h \u2013 Discente&nbsp;<strong>LIANDRA SILVA LOPES<\/strong>, acesse o&nbsp;<strong><a href=\"https:\/\/propesp.uepa.br\/ppgenf\/wp-content\/uploads\/2026\/03\/CONVITE-QUALIFICACAO-LIANDRA-LOPES.png\" data-type=\"attachment\" data-id=\"6510\">CONVITE<\/a><\/strong><\/p>\n\n\n\n<p class=\"has-medium-font-size\">Dia 30 de mar\u00e7o\/2026 \u00e0s 15:00h \u2013 Discente&nbsp;<strong>JULIANA ALVES MARINHO<\/strong>, acesse o&nbsp;<strong><a href=\"https:\/\/propesp.uepa.br\/ppgenf\/wp-content\/uploads\/2026\/03\/CONVITE-QUALIFICACAO-JULIANA-MARINHO-2.png\" data-type=\"attachment\" data-id=\"6518\">CONVITE<\/a><\/strong><\/p>\n\n\n\n<p class=\"has-medium-font-size\">Dia 14 de abril\/2026 \u00e0s 8:30h \u2013 Discente&nbsp;<strong>LORRANE SANTOS SILVA<\/strong>, acesse o&nbsp;<strong><a href=\"https:\/\/propesp.uepa.br\/ppgenf\/wp-content\/uploads\/2026\/04\/CONVITE-QUALIFICACAO-LORRANE.png\" data-type=\"attachment\" data-id=\"6549\">CONVITE<\/a><\/strong><\/p>\n\n\n\n<p class=\"has-medium-font-size\">Dia 15 de abril\/2026 \u00e0s 10:00h \u2013 Discente&nbsp;<strong>JOSIVAN AGASSIS FERNANDES BAHIA<\/strong>, acesse o&nbsp;<strong><a href=\"https:\/\/propesp.uepa.br\/ppgenf\/wp-content\/uploads\/2026\/04\/CONVITE-QUALIFICACAO-JOSIVAN.png\" data-type=\"attachment\" data-id=\"6548\">CONVITE<\/a><\/strong><\/p>\n\n\n\n<p class=\"has-medium-font-size\">Dia 16 de abril\/2026 \u00e0s 9:00h \u2013 Discente&nbsp;<strong>CECILIA CARVALHO DA SILVA<\/strong>, acesse o&nbsp;<strong><a href=\"https:\/\/propesp.uepa.br\/ppgenf\/wp-content\/uploads\/2026\/04\/CONVITE-QUALIFICACAO-CECILIA.png\" data-type=\"attachment\" data-id=\"6547\">CONVITE<\/a><\/strong><\/p>\n\n\n\n<p class=\"has-medium-font-size\">Dia 28 de abril\/2026 \u00e0s 14:00h \u2013 Discente\u00a0<strong>AMANDA GOMES DINIZ PIMENTA<\/strong>, acesse o\u00a0<strong><a href=\"https:\/\/propesp.uepa.br\/ppgenf\/wp-content\/uploads\/2026\/04\/CONVITE-QUALIFICACAO-AMANDA-PIMENTA.jpg\" data-type=\"attachment\" data-id=\"6566\">CONVITE<\/a><\/strong><\/p>\n\n\n\n<p class=\"has-medium-font-size\">Dia 29 de abril\/2026 \u00e0s 14:30h \u2013 Discente&nbsp;<strong>RODINEY SILVA DA COSTA<\/strong>, acesse o&nbsp;<strong><a href=\"https:\/\/propesp.uepa.br\/ppgenf\/wp-content\/uploads\/2026\/04\/CONVITE-QUALIFICACAO-RODINEY-COSTA.png\" data-type=\"attachment\" data-id=\"6560\">CONVITE<\/a><\/strong><\/p>\n\n\n\n<p class=\"has-medium-font-size\">Dia 29 de abril\/2026 \u00e0s 15:00h \u2013 Discente\u00a0<strong>GABRIELA \u00c9LERES CASSEB<\/strong>, acesse o\u00a0<strong><a href=\"https:\/\/propesp.uepa.br\/ppgenf\/wp-content\/uploads\/2026\/04\/CONVITE-QUALIFICACAO-GABRIELA-CASSEB.jpg\" data-type=\"attachment\" data-id=\"6565\">CONVITE<\/a><\/strong><\/p>\n\n\n\n<p class=\"has-medium-font-size\">Dia 30 de abril\/2026 \u00e0s 14:00h \u2013 Discente&nbsp;<strong>IZABEL ALICE DE FIGUEIREDO<\/strong>, acesse o&nbsp;<strong><a href=\"https:\/\/propesp.uepa.br\/ppgenf\/wp-content\/uploads\/2026\/04\/CONVITE-QUALIFICACAO-IZABEL-ALICE.png\" data-type=\"attachment\" data-id=\"6558\">CONVITE<\/a><\/strong><\/p>\n","protected":false},"excerpt":{"rendered":"<p>O Programa de P\u00f3s-Gradua\u00e7\u00e3o em Enfermagem torna p\u00fablico as Qualifica\u00e7\u00f5es de Projetos de Disserta\u00e7\u00f5es de Mestrado em Enfermagem dos P\u00f3s-Graduandos da Turma \u2013 2025 Dia 27 de janeiro\/2026 \u00e0s 14:00h \u2013 Discente&nbsp;EDNALDO PEREIRA MARANH\u00c3O, acesse o&nbsp;CONVITE Dia 24 de fevereiro\/2026 \u00e0s 14:00h \u2013 Discente&nbsp;ELLEN MARA FERNANDES DA SILVA, acesse o&nbsp;CONVITE Dia 26 de janeiro\/2026 \u00e0s &hellip;<\/p>\n<p class=\"read-more\"> <a class=\"\" href=\"https:\/\/propesp.uepa.br\/ppgenf\/index.php\/qualificacoes-turma-2025\/\"> <span class=\"screen-reader-text\">Qualifica\u00e7\u00f5es (Mestrado) &#8211; Turma 2025<\/span> Leia mais &raquo;<\/a><\/p>\n","protected":false},"author":2,"featured_media":0,"comment_status":"open","ping_status":"open","sticky":false,"template":"","format":"standard","meta":{"_uag_custom_page_level_css":"","site-sidebar-layout":"default","site-content-layout":"","ast-site-content-layout":"default","site-content-style":"default","site-sidebar-style":"default","ast-global-header-display":"","ast-banner-title-visibility":"","ast-main-header-display":"","ast-hfb-above-header-display":"","ast-hfb-below-header-display":"","ast-hfb-mobile-header-display":"","site-post-title":"","ast-breadcrumbs-content":"","ast-featured-img":"","footer-sml-layout":"","theme-transparent-header-meta":"","adv-header-id-meta":"","stick-header-meta":"","header-above-stick-meta":"","header-main-stick-meta":"","header-below-stick-meta":"","astra-migrate-meta-layouts":"set","ast-page-background-enabled":"default","ast-page-background-meta":{"desktop":{"background-color":"","background-image":"","background-repeat":"repeat","background-position":"center center","background-size":"auto","background-attachment":"scroll","background-type":"","background-media":"","overlay-type":"","overlay-color":"","overlay-gradient":""},"tablet":{"background-color":"","background-image":"","background-repeat":"repeat","background-position":"center center","background-size":"auto","background-attachment":"scroll","background-type":"","background-media":"","overlay-type":"","overlay-color":"","overlay-gradient":""},"mobile":{"background-color":"","background-image":"","background-repeat":"repeat","background-position":"center center","background-size":"auto","background-attachment":"scroll","background-type":"","background-media":"","overlay-type":"","overlay-color":"","overlay-gradient":""}},"ast-content-background-meta":{"desktop":{"background-color":"var(--ast-global-color-5)","background-image":"","background-repeat":"repeat","background-position":"center center","background-size":"auto","background-attachment":"scroll","background-type":"","background-media":"","overlay-type":"","overlay-color":"","overlay-gradient":""},"tablet":{"background-color":"var(--ast-global-color-5)","background-image":"","background-repeat":"repeat","background-position":"center center","background-size":"auto","background-attachment":"scroll","background-type":"","background-media":"","overlay-type":"","overlay-color":"","overlay-gradient":""},"mobile":{"background-color":"var(--ast-global-color-5)","background-image":"","background-repeat":"repeat","background-position":"center center","background-size":"auto","background-attachment":"scroll","background-type":"","background-media":"","overlay-type":"","overlay-color":"","overlay-gradient":""}},"footnotes":""},"categories":[1],"tags":[],"uagb_featured_image_src":{"full":false,"thumbnail":false,"medium":false,"medium_large":false,"large":false,"1536x1536":false,"2048x2048":false},"uagb_author_info":{"display_name":"nelma.ramos@uepa.br","author_link":"https:\/\/propesp.uepa.br\/ppgenf\/index.php\/author\/nelma-ramosuepa-br\/"},"uagb_comment_info":0,"uagb_excerpt":"O Programa de P\u00f3s-Gradua\u00e7\u00e3o em Enfermagem torna p\u00fablico as Qualifica\u00e7\u00f5es de Projetos de Disserta\u00e7\u00f5es de Mestrado em Enfermagem dos P\u00f3s-Graduandos da Turma \u2013 2025 Dia 27 de janeiro\/2026 \u00e0s 14:00h \u2013 Discente&nbsp;EDNALDO PEREIRA MARANH\u00c3O, acesse o&nbsp;CONVITE Dia 24 de fevereiro\/2026 \u00e0s 14:00h \u2013 Discente&nbsp;ELLEN MARA FERNANDES DA SILVA, acesse o&nbsp;CONVITE Dia 26 de janeiro\/2026 \u00e0s&hellip;","_links":{"self":[{"href":"https:\/\/propesp.uepa.br\/ppgenf\/index.php\/wp-json\/wp\/v2\/posts\/5894"}],"collection":[{"href":"https:\/\/propesp.uepa.br\/ppgenf\/index.php\/wp-json\/wp\/v2\/posts"}],"about":[{"href":"https:\/\/propesp.uepa.br\/ppgenf\/index.php\/wp-json\/wp\/v2\/types\/post"}],"author":[{"embeddable":true,"href":"https:\/\/propesp.uepa.br\/ppgenf\/index.php\/wp-json\/wp\/v2\/users\/2"}],"replies":[{"embeddable":true,"href":"https:\/\/propesp.uepa.br\/ppgenf\/index.php\/wp-json\/wp\/v2\/comments?post=5894"}],"version-history":[{"count":13,"href":"https:\/\/propesp.uepa.br\/ppgenf\/index.php\/wp-json\/wp\/v2\/posts\/5894\/revisions"}],"predecessor-version":[{"id":6568,"href":"https:\/\/propesp.uepa.br\/ppgenf\/index.php\/wp-json\/wp\/v2\/posts\/5894\/revisions\/6568"}],"wp:attachment":[{"href":"https:\/\/propesp.uepa.br\/ppgenf\/index.php\/wp-json\/wp\/v2\/media?parent=5894"}],"wp:term":[{"taxonomy":"category","embeddable":true,"href":"https:\/\/propesp.uepa.br\/ppgenf\/index.php\/wp-json\/wp\/v2\/categories?post=5894"},{"taxonomy":"post_tag","embeddable":true,"href":"https:\/\/propesp.uepa.br\/ppgenf\/index.php\/wp-json\/wp\/v2\/tags?post=5894"}],"curies":[{"name":"wp","href":"https:\/\/api.w.org\/{rel}","templated":true}]}}