{"id":6282,"date":"2026-02-09T15:20:14","date_gmt":"2026-02-09T18:20:14","guid":{"rendered":"https:\/\/propesp.uepa.br\/ppgenf\/?p=6282"},"modified":"2026-02-09T15:20:14","modified_gmt":"2026-02-09T18:20:14","slug":"missao-internacional-universidade-da-costa-rica","status":"publish","type":"post","link":"https:\/\/propesp.uepa.br\/ppgenf\/index.php\/missao-internacional-universidade-da-costa-rica\/","title":{"rendered":"Miss\u00e3o Internacional &#8211; Universidade da Costa Rica"},"content":{"rendered":"\n<p class=\"has-medium-font-size\">O Programa de P\u00f3s-Gradua\u00e7\u00e3o em Enfermagem associativo entre a Universidade do Estado do Par\u00e1 e Universidade Federal do Amazonas, por iniciativa dos Doutorandos\/UEPA: <em>Eliza Paix\u00e3o da Silva, Haroldo Gon\u00e7alves de Jesus e Marcos Jos\u00e9 Risuenho Brito Silva<\/em>, sob a supervis\u00e3o da professora Doutora <em>Mary Elizabeth de Santana<\/em>, realizam mais uma Miss\u00e3o de Internacionaliza\u00e7\u00e3o, com o <strong>Interc\u00e2mbio Acad\u00eamico<\/strong> junto a Universidade da Costa Rica, no per\u00edodo de 23 de janeiro a 13 de fevereiro\/2026, com o objetivo vivenciar uma experi\u00eancia internacional que contribua para o aprimoramento das pesquisas acad\u00eamicas, bem como fortalecer e estreitar v\u00ednculos institucionais entre os programas de p\u00f3s-gradua\u00e7\u00e3o em enfermagem. E estes est\u00e3o sendo recepcionados pelo professor doutor <em>Jaime Alonso Caravaca-Morera<\/em> &#8211; PhD, Profesor catedr\u00e1tico-Investigador \/ Universidad de Costa Rica. <\/p>\n\n\n\n<p class=\"has-medium-font-size\">Acesse esse <a href=\"https:\/\/www.instagram.com\/reel\/DUbCs-OkWZN\/?utm_source=ig_web_copy_link\">link<\/a> para obter mais informa\u00e7\u00f5es sobre a Miss\u00e3o<\/p>\n","protected":false},"excerpt":{"rendered":"<p>O Programa de P\u00f3s-Gradua\u00e7\u00e3o em Enfermagem associativo entre a Universidade do Estado do Par\u00e1 e Universidade Federal do Amazonas, por iniciativa dos Doutorandos\/UEPA: Eliza Paix\u00e3o da Silva, Haroldo Gon\u00e7alves de Jesus e Marcos Jos\u00e9 Risuenho Brito Silva, sob a supervis\u00e3o da professora Doutora Mary Elizabeth de Santana, realizam mais uma Miss\u00e3o de Internacionaliza\u00e7\u00e3o, com o &hellip;<\/p>\n<p class=\"read-more\"> <a class=\"\" href=\"https:\/\/propesp.uepa.br\/ppgenf\/index.php\/missao-internacional-universidade-da-costa-rica\/\"> <span class=\"screen-reader-text\">Miss\u00e3o Internacional &#8211; Universidade da Costa Rica<\/span> Leia mais &raquo;<\/a><\/p>\n","protected":false},"author":2,"featured_media":0,"comment_status":"open","ping_status":"open","sticky":false,"template":"","format":"standard","meta":{"_uag_custom_page_level_css":"","site-sidebar-layout":"default","site-content-layout":"","ast-site-content-layout":"default","site-content-style":"default","site-sidebar-style":"default","ast-global-header-display":"","ast-banner-title-visibility":"","ast-main-header-display":"","ast-hfb-above-header-display":"","ast-hfb-below-header-display":"","ast-hfb-mobile-header-display":"","site-post-title":"","ast-breadcrumbs-content":"","ast-featured-img":"","footer-sml-layout":"","theme-transparent-header-meta":"","adv-header-id-meta":"","stick-header-meta":"","header-above-stick-meta":"","header-main-stick-meta":"","header-below-stick-meta":"","astra-migrate-meta-layouts":"set","ast-page-background-enabled":"default","ast-page-background-meta":{"desktop":{"background-color":"","background-image":"","background-repeat":"repeat","background-position":"center center","background-size":"auto","background-attachment":"scroll","background-type":"","background-media":"","overlay-type":"","overlay-color":"","overlay-gradient":""},"tablet":{"background-color":"","background-image":"","background-repeat":"repeat","background-position":"center center","background-size":"auto","background-attachment":"scroll","background-type":"","background-media":"","overlay-type":"","overlay-color":"","overlay-gradient":""},"mobile":{"background-color":"","background-image":"","background-repeat":"repeat","background-position":"center center","background-size":"auto","background-attachment":"scroll","background-type":"","background-media":"","overlay-type":"","overlay-color":"","overlay-gradient":""}},"ast-content-background-meta":{"desktop":{"background-color":"var(--ast-global-color-5)","background-image":"","background-repeat":"repeat","background-position":"center center","background-size":"auto","background-attachment":"scroll","background-type":"","background-media":"","overlay-type":"","overlay-color":"","overlay-gradient":""},"tablet":{"background-color":"var(--ast-global-color-5)","background-image":"","background-repeat":"repeat","background-position":"center center","background-size":"auto","background-attachment":"scroll","background-type":"","background-media":"","overlay-type":"","overlay-color":"","overlay-gradient":""},"mobile":{"background-color":"var(--ast-global-color-5)","background-image":"","background-repeat":"repeat","background-position":"center center","background-size":"auto","background-attachment":"scroll","background-type":"","background-media":"","overlay-type":"","overlay-color":"","overlay-gradient":""}},"footnotes":""},"categories":[1],"tags":[],"uagb_featured_image_src":{"full":false,"thumbnail":false,"medium":false,"medium_large":false,"large":false,"1536x1536":false,"2048x2048":false},"uagb_author_info":{"display_name":"nelma.ramos@uepa.br","author_link":"https:\/\/propesp.uepa.br\/ppgenf\/index.php\/author\/nelma-ramosuepa-br\/"},"uagb_comment_info":0,"uagb_excerpt":"O Programa de P\u00f3s-Gradua\u00e7\u00e3o em Enfermagem associativo entre a Universidade do Estado do Par\u00e1 e Universidade Federal do Amazonas, por iniciativa dos Doutorandos\/UEPA: Eliza Paix\u00e3o da Silva, Haroldo Gon\u00e7alves de Jesus e Marcos Jos\u00e9 Risuenho Brito Silva, sob a supervis\u00e3o da professora Doutora Mary Elizabeth de Santana, realizam mais uma Miss\u00e3o de Internacionaliza\u00e7\u00e3o, com o&hellip;","_links":{"self":[{"href":"https:\/\/propesp.uepa.br\/ppgenf\/index.php\/wp-json\/wp\/v2\/posts\/6282"}],"collection":[{"href":"https:\/\/propesp.uepa.br\/ppgenf\/index.php\/wp-json\/wp\/v2\/posts"}],"about":[{"href":"https:\/\/propesp.uepa.br\/ppgenf\/index.php\/wp-json\/wp\/v2\/types\/post"}],"author":[{"embeddable":true,"href":"https:\/\/propesp.uepa.br\/ppgenf\/index.php\/wp-json\/wp\/v2\/users\/2"}],"replies":[{"embeddable":true,"href":"https:\/\/propesp.uepa.br\/ppgenf\/index.php\/wp-json\/wp\/v2\/comments?post=6282"}],"version-history":[{"count":2,"href":"https:\/\/propesp.uepa.br\/ppgenf\/index.php\/wp-json\/wp\/v2\/posts\/6282\/revisions"}],"predecessor-version":[{"id":6284,"href":"https:\/\/propesp.uepa.br\/ppgenf\/index.php\/wp-json\/wp\/v2\/posts\/6282\/revisions\/6284"}],"wp:attachment":[{"href":"https:\/\/propesp.uepa.br\/ppgenf\/index.php\/wp-json\/wp\/v2\/media?parent=6282"}],"wp:term":[{"taxonomy":"category","embeddable":true,"href":"https:\/\/propesp.uepa.br\/ppgenf\/index.php\/wp-json\/wp\/v2\/categories?post=6282"},{"taxonomy":"post_tag","embeddable":true,"href":"https:\/\/propesp.uepa.br\/ppgenf\/index.php\/wp-json\/wp\/v2\/tags?post=6282"}],"curies":[{"name":"wp","href":"https:\/\/api.w.org\/{rel}","templated":true}]}}