{"id":7426,"date":"2025-10-01T16:01:58","date_gmt":"2025-10-01T19:01:58","guid":{"rendered":"https:\/\/propesp.uepa.br\/ppgesa\/?p=7426"},"modified":"2025-10-01T16:03:54","modified_gmt":"2025-10-01T19:03:54","slug":"inscricoes-iii-siesa","status":"publish","type":"post","link":"https:\/\/propesp.uepa.br\/ppgesa\/inscricoes-iii-siesa\/","title":{"rendered":"Inscri\u00e7\u00f5es III SIESA"},"content":{"rendered":"\n<div class=\"wp-block-uagb-image aligncenter uagb-block-e4ca67e4 wp-block-uagb-image--layout-default wp-block-uagb-image--effect-static wp-block-uagb-image--align-center\"><figure class=\"wp-block-uagb-image__figure\"><img decoding=\"async\" src=\"https:\/\/propesp.uepa.br\/ppgesa\/wp-content\/uploads\/2025\/10\/logo-SIESA-com-fundo-819x1024.png\" alt=\"\" class=\"uag-image-7427\" width=\"435\" height=\"535\" title=\"logo SIESA com fundo\" loading=\"lazy\" role=\"img\" \/><\/figure><\/div>\n\n\n\n<p class=\"wp-block-paragraph\">Amaz\u00f4nia: ci\u00eancia e saberes em di\u00e1logo.<\/p>\n\n\n\n<p class=\"wp-block-paragraph\">O nosso evento acad\u00eamico acontece no cora\u00e7\u00e3o da Amaz\u00f4nia, territ\u00f3rio de rica biodiversidade, diversidade cultural e de grandes desafios cient\u00edficos. \u00c9 neste cen\u00e1rio que buscamos fomentar reflex\u00f5es, promover a troca de experi\u00eancias e fortalecer a produ\u00e7\u00e3o de conhecimento em sa\u00fade, educa\u00e7\u00e3o e inova\u00e7\u00e3o.<\/p>\n\n\n\n<p class=\"wp-block-paragraph\">Mais do que um encontro cient\u00edfico, este \u00e9 um convite para mergulhar nos saberes que emergem da floresta, das popula\u00e7\u00f5es tradicionais e da universidade comprometida com o desenvolvimento sustent\u00e1vel.<\/p>\n\n\n\n<p class=\"wp-block-paragraph\">Participe e ajude a construir pontes entre ci\u00eancia, sociedade e Amaz\u00f4nia!<\/p>\n\n\n\n<p class=\"wp-block-paragraph\">Link para Inscri\u00e7\u00e3o: <a href=\"https:\/\/www.even3.com.br\/iii-simposio-ensino-em-saude-na-amazonia-iii-siesa-620039\/\">https:\/\/www.even3.com.br\/iii-simposio-ensino-em-saude-na-amazonia-iii-siesa-620039\/<\/a><\/p>\n","protected":false},"excerpt":{"rendered":"<p>Amaz\u00f4nia: ci\u00eancia e saberes em di\u00e1logo. O nosso evento acad\u00eamico acontece no cora\u00e7\u00e3o da Amaz\u00f4nia, territ\u00f3rio de rica biodiversidade, diversidade cultural e de grandes desafios cient\u00edficos. \u00c9 neste cen\u00e1rio que buscamos fomentar reflex\u00f5es, promover a troca de experi\u00eancias e fortalecer a produ\u00e7\u00e3o de conhecimento em sa\u00fade, educa\u00e7\u00e3o e inova\u00e7\u00e3o. Mais do que um encontro cient\u00edfico, [&hellip;]<\/p>\n","protected":false},"author":20,"featured_media":0,"comment_status":"open","ping_status":"open","sticky":false,"template":"","format":"standard","meta":{"_uag_custom_page_level_css":"","site-sidebar-layout":"default","site-content-layout":"","ast-site-content-layout":"default","site-content-style":"default","site-sidebar-style":"default","ast-global-header-display":"","ast-banner-title-visibility":"","ast-main-header-display":"","ast-hfb-above-header-display":"","ast-hfb-below-header-display":"","ast-hfb-mobile-header-display":"","site-post-title":"","ast-breadcrumbs-content":"","ast-featured-img":"","footer-sml-layout":"","ast-disable-related-posts":"","theme-transparent-header-meta":"","adv-header-id-meta":"","stick-header-meta":"","header-above-stick-meta":"","header-main-stick-meta":"","header-below-stick-meta":"","astra-migrate-meta-layouts":"set","ast-page-background-enabled":"default","ast-page-background-meta":{"desktop":{"background-color":"","background-image":"","background-repeat":"repeat","background-position":"center center","background-size":"auto","background-attachment":"scroll","background-type":"","background-media":"","overlay-type":"","overlay-color":"","overlay-opacity":"","overlay-gradient":""},"tablet":{"background-color":"","background-image":"","background-repeat":"repeat","background-position":"center center","background-size":"auto","background-attachment":"scroll","background-type":"","background-media":"","overlay-type":"","overlay-color":"","overlay-opacity":"","overlay-gradient":""},"mobile":{"background-color":"","background-image":"","background-repeat":"repeat","background-position":"center center","background-size":"auto","background-attachment":"scroll","background-type":"","background-media":"","overlay-type":"","overlay-color":"","overlay-opacity":"","overlay-gradient":""}},"ast-content-background-meta":{"desktop":{"background-color":"var(--ast-global-color-5)","background-image":"","background-repeat":"repeat","background-position":"center center","background-size":"auto","background-attachment":"scroll","background-type":"","background-media":"","overlay-type":"","overlay-color":"","overlay-opacity":"","overlay-gradient":""},"tablet":{"background-color":"var(--ast-global-color-5)","background-image":"","background-repeat":"repeat","background-position":"center center","background-size":"auto","background-attachment":"scroll","background-type":"","background-media":"","overlay-type":"","overlay-color":"","overlay-opacity":"","overlay-gradient":""},"mobile":{"background-color":"var(--ast-global-color-5)","background-image":"","background-repeat":"repeat","background-position":"center center","background-size":"auto","background-attachment":"scroll","background-type":"","background-media":"","overlay-type":"","overlay-color":"","overlay-opacity":"","overlay-gradient":""}},"footnotes":""},"categories":[1],"tags":[],"class_list":["post-7426","post","type-post","status-publish","format-standard","hentry","category-sem-categoria"],"uagb_featured_image_src":{"full":false,"thumbnail":false,"medium":false,"medium_large":false,"large":false,"1536x1536":false,"2048x2048":false},"uagb_author_info":{"display_name":"joao.mourao@uepa.br","author_link":"https:\/\/propesp.uepa.br\/ppgesa\/author\/joao-mouraouepa-br\/"},"uagb_comment_info":0,"uagb_excerpt":"Amaz\u00f4nia: ci\u00eancia e saberes em di\u00e1logo. O nosso evento acad\u00eamico acontece no cora\u00e7\u00e3o da Amaz\u00f4nia, territ\u00f3rio de rica biodiversidade, diversidade cultural e de grandes desafios cient\u00edficos. \u00c9 neste cen\u00e1rio que buscamos fomentar reflex\u00f5es, promover a troca de experi\u00eancias e fortalecer a produ\u00e7\u00e3o de conhecimento em sa\u00fade, educa\u00e7\u00e3o e inova\u00e7\u00e3o. Mais do que um encontro cient\u00edfico,&hellip;","_links":{"self":[{"href":"https:\/\/propesp.uepa.br\/ppgesa\/wp-json\/wp\/v2\/posts\/7426","targetHints":{"allow":["GET"]}}],"collection":[{"href":"https:\/\/propesp.uepa.br\/ppgesa\/wp-json\/wp\/v2\/posts"}],"about":[{"href":"https:\/\/propesp.uepa.br\/ppgesa\/wp-json\/wp\/v2\/types\/post"}],"author":[{"embeddable":true,"href":"https:\/\/propesp.uepa.br\/ppgesa\/wp-json\/wp\/v2\/users\/20"}],"replies":[{"embeddable":true,"href":"https:\/\/propesp.uepa.br\/ppgesa\/wp-json\/wp\/v2\/comments?post=7426"}],"version-history":[{"count":2,"href":"https:\/\/propesp.uepa.br\/ppgesa\/wp-json\/wp\/v2\/posts\/7426\/revisions"}],"predecessor-version":[{"id":7429,"href":"https:\/\/propesp.uepa.br\/ppgesa\/wp-json\/wp\/v2\/posts\/7426\/revisions\/7429"}],"wp:attachment":[{"href":"https:\/\/propesp.uepa.br\/ppgesa\/wp-json\/wp\/v2\/media?parent=7426"}],"wp:term":[{"taxonomy":"category","embeddable":true,"href":"https:\/\/propesp.uepa.br\/ppgesa\/wp-json\/wp\/v2\/categories?post=7426"},{"taxonomy":"post_tag","embeddable":true,"href":"https:\/\/propesp.uepa.br\/ppgesa\/wp-json\/wp\/v2\/tags?post=7426"}],"curies":[{"name":"wp","href":"https:\/\/api.w.org\/{rel}","templated":true}]}}